{"id":4554,"date":"2026-03-12T10:10:18","date_gmt":"2026-03-12T13:10:18","guid":{"rendered":"https:\/\/argreen.com.br\/?p=4554"},"modified":"2026-03-12T10:13:27","modified_gmt":"2026-03-12T13:13:27","slug":"o-setor-de-climatizacao-no-brasil-deve-faturar-r-556-bi-em-2026-impulsionado-por-alta-demanda-residencial-comercial-e-industrial","status":"publish","type":"post","link":"https:\/\/argreen.com.br\/en\/o-setor-de-climatizacao-no-brasil-deve-faturar-r-556-bi-em-2026-impulsionado-por-alta-demanda-residencial-comercial-e-industrial\/","title":{"rendered":"O setor de climatiza\u00e7\u00e3o no Brasil deve faturar R$\u202f55,6\u202fbi em 2026, impulsionado por alta demanda residencial, comercial e industrial."},"content":{"rendered":"<p data-start=\"740\" data-end=\"1235\">O setor de climatiza\u00e7\u00e3o brasileiro encerrou 2025 em alta e mira um crescimento ainda maior em 2026, em um movimento que tem chamado aten\u00e7\u00e3o de investidores, fabricantes e instaladores. Dados divulgados recentemente mostram que o mercado de aquecimento, ventila\u00e7\u00e3o, ar condicionado e refrigera\u00e7\u00e3o (AVACR) faturou cerca de <strong data-start=\"1061\" data-end=\"1096\">R$\u202f50,15\u202fbilh\u00f5es no ano passado<\/strong>, com aumento de <strong data-start=\"1113\" data-end=\"1140\">10,4% em rela\u00e7\u00e3o a 2024<\/strong>\u00a0 mesmo diante de um ambiente econ\u00f4mico mais restritivo.<\/p>\n<p data-start=\"1237\" data-end=\"1571\">Com base nesses resultados, a proje\u00e7\u00e3o para este ano \u00e9 ainda mais otimista: a expectativa \u00e9 que o setor alcance <strong data-start=\"1349\" data-end=\"1392\">R$\u202f55,62\u202fbilh\u00f5es em faturamento em 2026<\/strong>, refletindo uma continuidade no ritmo de expans\u00e3o e confirmando a climatiza\u00e7\u00e3o como um dos segmentos mais din\u00e2micos da ind\u00fastria brasileira.<\/p>\n<p data-start=\"1573\" data-end=\"2069\">Esse crescimento \u00e9 impulsionado por diversos fatores. Do lado residencial, o aumento da demanda por conforto t\u00e9rmico em meio a ver\u00f5es mais quentes tem levado a mais compras de aparelhos de ar\u2011condicionado e sistemas integrados de climatiza\u00e7\u00e3o. Em ambientes comerciais e industriais, a necessidade de efici\u00eancia energ\u00e9tica, conforto para colaboradores e clientes e conformidade com regulamenta\u00e7\u00f5es t\u00e9cnicas impulsiona investimentos em solu\u00e7\u00f5es mais avan\u00e7adas.<\/p>\n<p data-start=\"2071\" data-end=\"2365\">Al\u00e9m disso, setores como servi\u00e7os de instala\u00e7\u00e3o, manuten\u00e7\u00e3o e moderniza\u00e7\u00e3o de equipamentos est\u00e3o se destacando como os maiores respons\u00e1veis pelo crescimento do segmento em 2026, com expectativas de alta substancial nas receitas associadas a esses servi\u00e7os.<\/p>\n<p data-start=\"2367\" data-end=\"2816\">Especialistas ouvidos durante eventos do setor apontam que esse desempenho robusto demonstra n\u00e3o apenas a resili\u00eancia da economia brasileira, mas tamb\u00e9m a import\u00e2ncia crescente da climatiza\u00e7\u00e3o em estrat\u00e9gias empresariais e em pol\u00edticas de bem\u2011estar nos ambientes constru\u00eddos. Em um pa\u00eds tropical como o Brasil, a climatiza\u00e7\u00e3o deixou de ser um luxo para se tornar uma necessidade estrat\u00e9gica em diversos setores.<\/p>\n<p data-start=\"2818\" data-end=\"3158\">Com este cen\u00e1rio promissor, fabricantes, distribuidores e profissionais especializados em AVACR observam um horizonte positivo para 2026 com potencial n\u00e3o apenas de crescimento em faturamento, mas tamb\u00e9m de inova\u00e7\u00e3o tecnol\u00f3gica, ado\u00e7\u00e3o de solu\u00e7\u00f5es mais eficientes e investimentos em sustentabilidade.<\/p>","protected":false},"excerpt":{"rendered":"<p>O setor de climatiza\u00e7\u00e3o brasileiro encerrou 2025 em alta e mira um crescimento ainda maior em 2026, em um movimento<\/p>","protected":false},"author":17,"featured_media":4556,"comment_status":"closed","ping_status":"closed","sticky":false,"template":"","format":"standard","meta":{"footnotes":""},"categories":[1],"tags":[],"class_list":["post-4554","post","type-post","status-publish","format-standard","has-post-thumbnail","hentry","category-noticias"],"yoast_head":"<!-- This site is optimized with the Yoast SEO plugin v27.3 - https:\/\/yoast.com\/product\/yoast-seo-wordpress\/ -->\n<title>O setor de climatiza\u00e7\u00e3o no Brasil deve faturar R$\u202f55,6\u202fbi em 2026, impulsionado por alta demanda residencial, comercial e industrial. - Argreen<\/title>\n<meta name=\"robots\" content=\"index, follow, max-snippet:-1, max-image-preview:large, max-video-preview:-1\" \/>\n<link rel=\"canonical\" href=\"https:\/\/argreen.com.br\/en\/o-setor-de-climatizacao-no-brasil-deve-faturar-r-556-bi-em-2026-impulsionado-por-alta-demanda-residencial-comercial-e-industrial\/\" \/>\n<meta property=\"og:locale\" content=\"en_US\" \/>\n<meta property=\"og:type\" content=\"article\" \/>\n<meta property=\"og:title\" content=\"O setor de climatiza\u00e7\u00e3o no Brasil deve faturar R$\u202f55,6\u202fbi em 2026, impulsionado por alta demanda residencial, comercial e industrial. - Argreen\" \/>\n<meta property=\"og:description\" content=\"O setor de climatiza\u00e7\u00e3o brasileiro encerrou 2025 em alta e mira um crescimento ainda maior em 2026, em um movimento\" \/>\n<meta property=\"og:url\" content=\"https:\/\/argreen.com.br\/en\/o-setor-de-climatizacao-no-brasil-deve-faturar-r-556-bi-em-2026-impulsionado-por-alta-demanda-residencial-comercial-e-industrial\/\" \/>\n<meta property=\"og:site_name\" content=\"Argreen\" \/>\n<meta property=\"article:published_time\" content=\"2026-03-12T13:10:18+00:00\" \/>\n<meta property=\"article:modified_time\" content=\"2026-03-12T13:13:27+00:00\" \/>\n<meta property=\"og:image\" content=\"https:\/\/argreen.com.br\/wp-content\/uploads\/2026\/03\/Ar-condicionado-.png\" \/>\n\t<meta property=\"og:image:width\" content=\"1920\" \/>\n\t<meta property=\"og:image:height\" content=\"1080\" \/>\n\t<meta property=\"og:image:type\" content=\"image\/png\" \/>\n<meta name=\"author\" content=\"eduardopiceda\" \/>\n<script type=\"application\/ld+json\" class=\"yoast-schema-graph\">{\"@context\":\"https:\\\/\\\/schema.org\",\"@graph\":[{\"@type\":\"Article\",\"@id\":\"https:\\\/\\\/argreen.com.br\\\/o-setor-de-climatizacao-no-brasil-deve-faturar-r-556-bi-em-2026-impulsionado-por-alta-demanda-residencial-comercial-e-industrial\\\/#article\",\"isPartOf\":{\"@id\":\"https:\\\/\\\/argreen.com.br\\\/o-setor-de-climatizacao-no-brasil-deve-faturar-r-556-bi-em-2026-impulsionado-por-alta-demanda-residencial-comercial-e-industrial\\\/\"},\"author\":{\"name\":\"eduardopiceda\",\"@id\":\"https:\\\/\\\/argreen.com.br\\\/#\\\/schema\\\/person\\\/b215043d3010081e81788c49b70b5016\"},\"headline\":\"O setor de climatiza\u00e7\u00e3o no Brasil deve faturar R$\u202f55,6\u202fbi em 2026, impulsionado por alta demanda residencial, comercial e industrial.\",\"datePublished\":\"2026-03-12T13:10:18+00:00\",\"dateModified\":\"2026-03-12T13:13:27+00:00\",\"mainEntityOfPage\":{\"@id\":\"https:\\\/\\\/argreen.com.br\\\/o-setor-de-climatizacao-no-brasil-deve-faturar-r-556-bi-em-2026-impulsionado-por-alta-demanda-residencial-comercial-e-industrial\\\/\"},\"wordCount\":372,\"publisher\":{\"@id\":\"https:\\\/\\\/argreen.com.br\\\/#organization\"},\"image\":{\"@id\":\"https:\\\/\\\/argreen.com.br\\\/o-setor-de-climatizacao-no-brasil-deve-faturar-r-556-bi-em-2026-impulsionado-por-alta-demanda-residencial-comercial-e-industrial\\\/#primaryimage\"},\"thumbnailUrl\":\"https:\\\/\\\/argreen.com.br\\\/wp-content\\\/uploads\\\/2026\\\/03\\\/Ar-condicionado-.png\",\"articleSection\":[\"Not\u00edcias\"],\"inLanguage\":\"en-US\"},{\"@type\":\"WebPage\",\"@id\":\"https:\\\/\\\/argreen.com.br\\\/o-setor-de-climatizacao-no-brasil-deve-faturar-r-556-bi-em-2026-impulsionado-por-alta-demanda-residencial-comercial-e-industrial\\\/\",\"url\":\"https:\\\/\\\/argreen.com.br\\\/o-setor-de-climatizacao-no-brasil-deve-faturar-r-556-bi-em-2026-impulsionado-por-alta-demanda-residencial-comercial-e-industrial\\\/\",\"name\":\"O setor de climatiza\u00e7\u00e3o no Brasil deve faturar R$\u202f55,6\u202fbi em 2026, impulsionado por alta demanda residencial, comercial e industrial. - Argreen\",\"isPartOf\":{\"@id\":\"https:\\\/\\\/argreen.com.br\\\/#website\"},\"primaryImageOfPage\":{\"@id\":\"https:\\\/\\\/argreen.com.br\\\/o-setor-de-climatizacao-no-brasil-deve-faturar-r-556-bi-em-2026-impulsionado-por-alta-demanda-residencial-comercial-e-industrial\\\/#primaryimage\"},\"image\":{\"@id\":\"https:\\\/\\\/argreen.com.br\\\/o-setor-de-climatizacao-no-brasil-deve-faturar-r-556-bi-em-2026-impulsionado-por-alta-demanda-residencial-comercial-e-industrial\\\/#primaryimage\"},\"thumbnailUrl\":\"https:\\\/\\\/argreen.com.br\\\/wp-content\\\/uploads\\\/2026\\\/03\\\/Ar-condicionado-.png\",\"datePublished\":\"2026-03-12T13:10:18+00:00\",\"dateModified\":\"2026-03-12T13:13:27+00:00\",\"breadcrumb\":{\"@id\":\"https:\\\/\\\/argreen.com.br\\\/o-setor-de-climatizacao-no-brasil-deve-faturar-r-556-bi-em-2026-impulsionado-por-alta-demanda-residencial-comercial-e-industrial\\\/#breadcrumb\"},\"inLanguage\":\"en-US\",\"potentialAction\":[{\"@type\":\"ReadAction\",\"target\":[\"https:\\\/\\\/argreen.com.br\\\/o-setor-de-climatizacao-no-brasil-deve-faturar-r-556-bi-em-2026-impulsionado-por-alta-demanda-residencial-comercial-e-industrial\\\/\"]}]},{\"@type\":\"ImageObject\",\"inLanguage\":\"en-US\",\"@id\":\"https:\\\/\\\/argreen.com.br\\\/o-setor-de-climatizacao-no-brasil-deve-faturar-r-556-bi-em-2026-impulsionado-por-alta-demanda-residencial-comercial-e-industrial\\\/#primaryimage\",\"url\":\"https:\\\/\\\/argreen.com.br\\\/wp-content\\\/uploads\\\/2026\\\/03\\\/Ar-condicionado-.png\",\"contentUrl\":\"https:\\\/\\\/argreen.com.br\\\/wp-content\\\/uploads\\\/2026\\\/03\\\/Ar-condicionado-.png\",\"width\":1920,\"height\":1080},{\"@type\":\"BreadcrumbList\",\"@id\":\"https:\\\/\\\/argreen.com.br\\\/o-setor-de-climatizacao-no-brasil-deve-faturar-r-556-bi-em-2026-impulsionado-por-alta-demanda-residencial-comercial-e-industrial\\\/#breadcrumb\",\"itemListElement\":[{\"@type\":\"ListItem\",\"position\":1,\"name\":\"In\u00edcio\",\"item\":\"https:\\\/\\\/argreen.com.br\\\/\"},{\"@type\":\"ListItem\",\"position\":2,\"name\":\"O setor de climatiza\u00e7\u00e3o no Brasil deve faturar R$\u202f55,6\u202fbi em 2026, impulsionado por alta demanda residencial, comercial e industrial.\"}]},{\"@type\":\"WebSite\",\"@id\":\"https:\\\/\\\/argreen.com.br\\\/#website\",\"url\":\"https:\\\/\\\/argreen.com.br\\\/\",\"name\":\"Argreen\",\"description\":\"Climatiza\u00e7\u00e3o &amp; Engenharia\",\"publisher\":{\"@id\":\"https:\\\/\\\/argreen.com.br\\\/#organization\"},\"potentialAction\":[{\"@type\":\"SearchAction\",\"target\":{\"@type\":\"EntryPoint\",\"urlTemplate\":\"https:\\\/\\\/argreen.com.br\\\/?s={search_term_string}\"},\"query-input\":{\"@type\":\"PropertyValueSpecification\",\"valueRequired\":true,\"valueName\":\"search_term_string\"}}],\"inLanguage\":\"en-US\"},{\"@type\":\"Organization\",\"@id\":\"https:\\\/\\\/argreen.com.br\\\/#organization\",\"name\":\"Argreen\",\"url\":\"https:\\\/\\\/argreen.com.br\\\/\",\"logo\":{\"@type\":\"ImageObject\",\"inLanguage\":\"en-US\",\"@id\":\"https:\\\/\\\/argreen.com.br\\\/#\\\/schema\\\/logo\\\/image\\\/\",\"url\":\"https:\\\/\\\/argreen.com.br\\\/wp-content\\\/uploads\\\/2023\\\/06\\\/Logo-Argeen.png\",\"contentUrl\":\"https:\\\/\\\/argreen.com.br\\\/wp-content\\\/uploads\\\/2023\\\/06\\\/Logo-Argeen.png\",\"width\":2248,\"height\":767,\"caption\":\"Argreen\"},\"image\":{\"@id\":\"https:\\\/\\\/argreen.com.br\\\/#\\\/schema\\\/logo\\\/image\\\/\"}},{\"@type\":\"Person\",\"@id\":\"https:\\\/\\\/argreen.com.br\\\/#\\\/schema\\\/person\\\/b215043d3010081e81788c49b70b5016\",\"name\":\"eduardopiceda\",\"image\":{\"@type\":\"ImageObject\",\"inLanguage\":\"en-US\",\"@id\":\"https:\\\/\\\/secure.gravatar.com\\\/avatar\\\/87ee2816eda2592631f93a517cc7daeeaed2111232a11a88b74fea0f5768551c?s=96&d=blank&r=g\",\"url\":\"https:\\\/\\\/secure.gravatar.com\\\/avatar\\\/87ee2816eda2592631f93a517cc7daeeaed2111232a11a88b74fea0f5768551c?s=96&d=blank&r=g\",\"contentUrl\":\"https:\\\/\\\/secure.gravatar.com\\\/avatar\\\/87ee2816eda2592631f93a517cc7daeeaed2111232a11a88b74fea0f5768551c?s=96&d=blank&r=g\",\"caption\":\"eduardopiceda\"},\"url\":\"https:\\\/\\\/argreen.com.br\\\/en\\\/author\\\/eduardopiceda\\\/\"}]}<\/script>\n<!-- \/ Yoast SEO plugin. -->","yoast_head_json":{"title":"O setor de climatiza\u00e7\u00e3o no Brasil deve faturar R$\u202f55,6\u202fbi em 2026, impulsionado por alta demanda residencial, comercial e industrial. - Argreen","robots":{"index":"index","follow":"follow","max-snippet":"max-snippet:-1","max-image-preview":"max-image-preview:large","max-video-preview":"max-video-preview:-1"},"canonical":"https:\/\/argreen.com.br\/en\/o-setor-de-climatizacao-no-brasil-deve-faturar-r-556-bi-em-2026-impulsionado-por-alta-demanda-residencial-comercial-e-industrial\/","og_locale":"en_US","og_type":"article","og_title":"O setor de climatiza\u00e7\u00e3o no Brasil deve faturar R$\u202f55,6\u202fbi em 2026, impulsionado por alta demanda residencial, comercial e industrial. - Argreen","og_description":"O setor de climatiza\u00e7\u00e3o brasileiro encerrou 2025 em alta e mira um crescimento ainda maior em 2026, em um movimento","og_url":"https:\/\/argreen.com.br\/en\/o-setor-de-climatizacao-no-brasil-deve-faturar-r-556-bi-em-2026-impulsionado-por-alta-demanda-residencial-comercial-e-industrial\/","og_site_name":"Argreen","article_published_time":"2026-03-12T13:10:18+00:00","article_modified_time":"2026-03-12T13:13:27+00:00","og_image":[{"width":1920,"height":1080,"url":"https:\/\/argreen.com.br\/wp-content\/uploads\/2026\/03\/Ar-condicionado-.png","type":"image\/png"}],"author":"eduardopiceda","schema":{"@context":"https:\/\/schema.org","@graph":[{"@type":"Article","@id":"https:\/\/argreen.com.br\/o-setor-de-climatizacao-no-brasil-deve-faturar-r-556-bi-em-2026-impulsionado-por-alta-demanda-residencial-comercial-e-industrial\/#article","isPartOf":{"@id":"https:\/\/argreen.com.br\/o-setor-de-climatizacao-no-brasil-deve-faturar-r-556-bi-em-2026-impulsionado-por-alta-demanda-residencial-comercial-e-industrial\/"},"author":{"name":"eduardopiceda","@id":"https:\/\/argreen.com.br\/#\/schema\/person\/b215043d3010081e81788c49b70b5016"},"headline":"O setor de climatiza\u00e7\u00e3o no Brasil deve faturar R$\u202f55,6\u202fbi em 2026, impulsionado por alta demanda residencial, comercial e industrial.","datePublished":"2026-03-12T13:10:18+00:00","dateModified":"2026-03-12T13:13:27+00:00","mainEntityOfPage":{"@id":"https:\/\/argreen.com.br\/o-setor-de-climatizacao-no-brasil-deve-faturar-r-556-bi-em-2026-impulsionado-por-alta-demanda-residencial-comercial-e-industrial\/"},"wordCount":372,"publisher":{"@id":"https:\/\/argreen.com.br\/#organization"},"image":{"@id":"https:\/\/argreen.com.br\/o-setor-de-climatizacao-no-brasil-deve-faturar-r-556-bi-em-2026-impulsionado-por-alta-demanda-residencial-comercial-e-industrial\/#primaryimage"},"thumbnailUrl":"https:\/\/argreen.com.br\/wp-content\/uploads\/2026\/03\/Ar-condicionado-.png","articleSection":["Not\u00edcias"],"inLanguage":"en-US"},{"@type":"WebPage","@id":"https:\/\/argreen.com.br\/o-setor-de-climatizacao-no-brasil-deve-faturar-r-556-bi-em-2026-impulsionado-por-alta-demanda-residencial-comercial-e-industrial\/","url":"https:\/\/argreen.com.br\/o-setor-de-climatizacao-no-brasil-deve-faturar-r-556-bi-em-2026-impulsionado-por-alta-demanda-residencial-comercial-e-industrial\/","name":"O setor de climatiza\u00e7\u00e3o no Brasil deve faturar R$\u202f55,6\u202fbi em 2026, impulsionado por alta demanda residencial, comercial e industrial. - Argreen","isPartOf":{"@id":"https:\/\/argreen.com.br\/#website"},"primaryImageOfPage":{"@id":"https:\/\/argreen.com.br\/o-setor-de-climatizacao-no-brasil-deve-faturar-r-556-bi-em-2026-impulsionado-por-alta-demanda-residencial-comercial-e-industrial\/#primaryimage"},"image":{"@id":"https:\/\/argreen.com.br\/o-setor-de-climatizacao-no-brasil-deve-faturar-r-556-bi-em-2026-impulsionado-por-alta-demanda-residencial-comercial-e-industrial\/#primaryimage"},"thumbnailUrl":"https:\/\/argreen.com.br\/wp-content\/uploads\/2026\/03\/Ar-condicionado-.png","datePublished":"2026-03-12T13:10:18+00:00","dateModified":"2026-03-12T13:13:27+00:00","breadcrumb":{"@id":"https:\/\/argreen.com.br\/o-setor-de-climatizacao-no-brasil-deve-faturar-r-556-bi-em-2026-impulsionado-por-alta-demanda-residencial-comercial-e-industrial\/#breadcrumb"},"inLanguage":"en-US","potentialAction":[{"@type":"ReadAction","target":["https:\/\/argreen.com.br\/o-setor-de-climatizacao-no-brasil-deve-faturar-r-556-bi-em-2026-impulsionado-por-alta-demanda-residencial-comercial-e-industrial\/"]}]},{"@type":"ImageObject","inLanguage":"en-US","@id":"https:\/\/argreen.com.br\/o-setor-de-climatizacao-no-brasil-deve-faturar-r-556-bi-em-2026-impulsionado-por-alta-demanda-residencial-comercial-e-industrial\/#primaryimage","url":"https:\/\/argreen.com.br\/wp-content\/uploads\/2026\/03\/Ar-condicionado-.png","contentUrl":"https:\/\/argreen.com.br\/wp-content\/uploads\/2026\/03\/Ar-condicionado-.png","width":1920,"height":1080},{"@type":"BreadcrumbList","@id":"https:\/\/argreen.com.br\/o-setor-de-climatizacao-no-brasil-deve-faturar-r-556-bi-em-2026-impulsionado-por-alta-demanda-residencial-comercial-e-industrial\/#breadcrumb","itemListElement":[{"@type":"ListItem","position":1,"name":"In\u00edcio","item":"https:\/\/argreen.com.br\/"},{"@type":"ListItem","position":2,"name":"O setor de climatiza\u00e7\u00e3o no Brasil deve faturar R$\u202f55,6\u202fbi em 2026, impulsionado por alta demanda residencial, comercial e industrial."}]},{"@type":"WebSite","@id":"https:\/\/argreen.com.br\/#website","url":"https:\/\/argreen.com.br\/","name":"Argreen","description":"Climatiza\u00e7\u00e3o &amp; Engenharia","publisher":{"@id":"https:\/\/argreen.com.br\/#organization"},"potentialAction":[{"@type":"SearchAction","target":{"@type":"EntryPoint","urlTemplate":"https:\/\/argreen.com.br\/?s={search_term_string}"},"query-input":{"@type":"PropertyValueSpecification","valueRequired":true,"valueName":"search_term_string"}}],"inLanguage":"en-US"},{"@type":"Organization","@id":"https:\/\/argreen.com.br\/#organization","name":"Argreen","url":"https:\/\/argreen.com.br\/","logo":{"@type":"ImageObject","inLanguage":"en-US","@id":"https:\/\/argreen.com.br\/#\/schema\/logo\/image\/","url":"https:\/\/argreen.com.br\/wp-content\/uploads\/2023\/06\/Logo-Argeen.png","contentUrl":"https:\/\/argreen.com.br\/wp-content\/uploads\/2023\/06\/Logo-Argeen.png","width":2248,"height":767,"caption":"Argreen"},"image":{"@id":"https:\/\/argreen.com.br\/#\/schema\/logo\/image\/"}},{"@type":"Person","@id":"https:\/\/argreen.com.br\/#\/schema\/person\/b215043d3010081e81788c49b70b5016","name":"eduardopiceda","image":{"@type":"ImageObject","inLanguage":"en-US","@id":"https:\/\/secure.gravatar.com\/avatar\/87ee2816eda2592631f93a517cc7daeeaed2111232a11a88b74fea0f5768551c?s=96&d=blank&r=g","url":"https:\/\/secure.gravatar.com\/avatar\/87ee2816eda2592631f93a517cc7daeeaed2111232a11a88b74fea0f5768551c?s=96&d=blank&r=g","contentUrl":"https:\/\/secure.gravatar.com\/avatar\/87ee2816eda2592631f93a517cc7daeeaed2111232a11a88b74fea0f5768551c?s=96&d=blank&r=g","caption":"eduardopiceda"},"url":"https:\/\/argreen.com.br\/en\/author\/eduardopiceda\/"}]}},"_links":{"self":[{"href":"https:\/\/argreen.com.br\/en\/wp-json\/wp\/v2\/posts\/4554","targetHints":{"allow":["GET"]}}],"collection":[{"href":"https:\/\/argreen.com.br\/en\/wp-json\/wp\/v2\/posts"}],"about":[{"href":"https:\/\/argreen.com.br\/en\/wp-json\/wp\/v2\/types\/post"}],"author":[{"embeddable":true,"href":"https:\/\/argreen.com.br\/en\/wp-json\/wp\/v2\/users\/17"}],"replies":[{"embeddable":true,"href":"https:\/\/argreen.com.br\/en\/wp-json\/wp\/v2\/comments?post=4554"}],"version-history":[{"count":1,"href":"https:\/\/argreen.com.br\/en\/wp-json\/wp\/v2\/posts\/4554\/revisions"}],"predecessor-version":[{"id":4555,"href":"https:\/\/argreen.com.br\/en\/wp-json\/wp\/v2\/posts\/4554\/revisions\/4555"}],"wp:featuredmedia":[{"embeddable":true,"href":"https:\/\/argreen.com.br\/en\/wp-json\/wp\/v2\/media\/4556"}],"wp:attachment":[{"href":"https:\/\/argreen.com.br\/en\/wp-json\/wp\/v2\/media?parent=4554"}],"wp:term":[{"taxonomy":"category","embeddable":true,"href":"https:\/\/argreen.com.br\/en\/wp-json\/wp\/v2\/categories?post=4554"},{"taxonomy":"post_tag","embeddable":true,"href":"https:\/\/argreen.com.br\/en\/wp-json\/wp\/v2\/tags?post=4554"}],"curies":[{"name":"wp","href":"https:\/\/api.w.org\/{rel}","templated":true}]}}