{"id":4557,"date":"2026-03-12T10:53:44","date_gmt":"2026-03-12T13:53:44","guid":{"rendered":"https:\/\/argreen.com.br\/?p=4557"},"modified":"2026-03-12T12:00:29","modified_gmt":"2026-03-12T15:00:29","slug":"revolucao-no-hvac-comercial-em-2026-conforto-personalizado-sustentabilidade-e-refrigerantes-ecologicos-dominam-o-mercado","status":"publish","type":"post","link":"https:\/\/argreen.com.br\/en\/revolucao-no-hvac-comercial-em-2026-conforto-personalizado-sustentabilidade-e-refrigerantes-ecologicos-dominam-o-mercado\/","title":{"rendered":"Commercial HVAC Revolution in 2026: Personalized Comfort, Sustainability, and Eco-Friendly Refrigerants Dominate the Market"},"content":{"rendered":"<p data-start=\"256\" data-end=\"860\">O <strong data-start=\"258\" data-end=\"302\">commercial HVAC market<\/strong> In Brazil and worldwide, 2026 marks the beginning of a period of accelerated transformation in the commercial HVAC market, driven by a combination of factors: new technologies, strict environmental regulations, increased environmental awareness, and growing demand for personalized thermal comfort in corporate, commercial, and industrial environments. Manufacturers, integrators, building managers, and specialized service companies are adapting their systems and processes to meet requirements for energy efficiency, sustainability, and enhanced occupant experience.<\/p>\n<h3 data-section-id=\"l6h0lx\" data-start=\"862\" data-end=\"915\">Eco-Friendly Refrigerants: The Sustainable Transition<\/h3>\n<p data-start=\"917\" data-end=\"1487\">One of the most significant changes in the sector is the replacement of traditional refrigerants, such as R\u2011410A, with alternatives that have <strong data-start=\"1047\" data-end=\"1098\">low global warming potential (Low\u2011GWP)<\/strong>, such as R\u201132 and R\u2011454B. These gases significantly reduce the environmental impact of HVAC systems without compromising equipment performance, contributing to the achievement of global sustainability targets and increasingly strict environmental regulations, such as greenhouse gas reduction policies and international energy efficiency standards.<\/p>\n<p data-start=\"1489\" data-end=\"1978\">The adoption of eco-friendly refrigerants also implies <strong data-start=\"1541\" data-end=\"1583\">new technical and operational challenges<\/strong>.Professionals need advanced training, old equipment must be updated or replaced, and installation and maintenance processes require greater rigor and control. This transition creates significant opportunities for manufacturers, integrators, and specialized technicians, who can differentiate themselves by offering modern, efficient, and environmentally responsible solutions.<\/p>\n<h3 data-section-id=\"78hlri\" data-start=\"1980\" data-end=\"2047\">Personalized Comfort: Each Space with Its Ideal Temperature<\/h3>\n<p data-start=\"2049\" data-end=\"2439\">Another notable trend in 2026 is the <strong data-start=\"2086\" data-end=\"2122\">individualized thermal comfort<\/strong>. Modern commercial HVAC systems already allow <strong data-start=\"2183\" data-end=\"2205\">zone control<\/strong>, enabling specific temperature adjustments for different rooms or areas within the same building. This approach meets the needs of occupants and various activities, promoting more comfortable and productive environments.<\/p>\n<p data-start=\"2441\" data-end=\"2940\">Among the most commonly used solutions are <strong data-start=\"2493\" data-end=\"2533\">VRF (Variable Refrigerant Flow)<\/strong>, hybrid VRF, and integrated smart systems, which allow <strong data-start=\"2597\" data-end=\"2664\">greater energy savings, efficient operation, and remote control<\/strong> through building automation. These systems are especially suitable for offices, shopping centers, hospitals, and universities, providing <strong data-start=\"2817\" data-end=\"2878\">personalized experience and greater user satisfaction<\/strong>, while also meeting sustainability requirements.<\/p>\n<h3 data-section-id=\"s6jz0u\" data-start=\"2942\" data-end=\"2987\">Energy Efficiency and Building Automation<\/h3>\n<p data-start=\"2989\" data-end=\"3315\">The integration of <strong data-start=\"3005\" data-end=\"3075\">artificial intelligence, smart sensors, and building automation<\/strong> is another trend consolidating in 2026. These features allow <strong data-start=\"3144\" data-end=\"3219\">real-time monitoring, predictive maintenance, and automatic adjustments<\/strong>, reducing failures, optimizing energy consumption, and extending equipment lifespan.<\/p>\n<p data-start=\"3317\" data-end=\"3784\">Furthermore, <strong data-start=\"3329\" data-end=\"3418\">energy management systems and building automation (BAS \u2013 Building Automation Systems)<\/strong> provide detailed reports on the performance of HVAC systems, allowing building managers to make more strategic decisions to reduce operational costs and ensure compliance with environmental regulations. Energy efficiency ceases to be merely a regulatory requirement and becomes an intelligent and sustainable management tool.<\/p>\n<h3 data-section-id=\"dcr0r3\" data-start=\"3786\" data-end=\"3824\">Market Impact and Opportunities<\/h3>\n<p data-start=\"3826\" data-end=\"4303\">The emerging trends of 2026 not only comply with environmental standards and technical regulations but also represent <strong data-start=\"3950\" data-end=\"3998\">opportunities for growth and differentiation<\/strong> for companies operating in the HVAC sector. Manufacturers and integrators that invest in green solutions, cutting-edge technology, and customization are gaining a competitive advantage, while building managers can increase efficiency, reduce costs, and provide higher-quality environments for occupants.<\/p>\n<p data-start=\"4305\" data-end=\"4747\">Experts point out that the combination of <strong data-start=\"4347\" data-end=\"4414\">sustainability, technological innovation, and personalized comfort<\/strong> will be the major differentiator in the commercial market in the coming years. HVAC ceases to be just a matter of comfort and becomes <strong data-start=\"4554\" data-end=\"4649\">a strategy for productivity, health, energy efficiency, and business competitiveness<\/strong>, establishing itself as a strategic sector for companies, professionals, and the market as a whole.<\/p>\n<p data-start=\"4749\" data-end=\"5057\">The year 2026 is expected to consolidate the <strong data-start=\"4781\" data-end=\"4836\">commercial HVAC as a dynamic and innovative segment<\/strong>, with increasing appreciation for solutions that combine technology, sustainability, and user experience, transforming the way commercial, corporate, and industrial environments are conditioned in Brazil and worldwide.<\/p>","protected":false},"excerpt":{"rendered":"<p>O mercado de climatiza\u00e7\u00e3o comercial (HVAC) no Brasil e no mundo entra em 2026 em um per\u00edodo de transforma\u00e7\u00e3o acelerada,<\/p>","protected":false},"author":17,"featured_media":4558,"comment_status":"closed","ping_status":"closed","sticky":false,"template":"","format":"standard","meta":{"footnotes":""},"categories":[1],"tags":[],"class_list":["post-4557","post","type-post","status-publish","format-standard","has-post-thumbnail","hentry","category-noticias"],"yoast_head":"<!-- This site is optimized with the Yoast SEO plugin v27.3 - https:\/\/yoast.com\/product\/yoast-seo-wordpress\/ -->\n<title>Revolu\u00e7\u00e3o no HVAC comercial em 2026: conforto personalizado, sustentabilidade e refrigerantes ecol\u00f3gicos dominam o mercado - Argreen<\/title>\n<meta name=\"robots\" content=\"index, follow, max-snippet:-1, max-image-preview:large, max-video-preview:-1\" \/>\n<link rel=\"canonical\" href=\"https:\/\/argreen.com.br\/en\/revolucao-no-hvac-comercial-em-2026-conforto-personalizado-sustentabilidade-e-refrigerantes-ecologicos-dominam-o-mercado\/\" \/>\n<meta property=\"og:locale\" content=\"en_US\" \/>\n<meta property=\"og:type\" content=\"article\" \/>\n<meta property=\"og:title\" content=\"Revolu\u00e7\u00e3o no HVAC comercial em 2026: conforto personalizado, sustentabilidade e refrigerantes ecol\u00f3gicos dominam o mercado - Argreen\" \/>\n<meta property=\"og:description\" content=\"O mercado de climatiza\u00e7\u00e3o comercial (HVAC) no Brasil e no mundo entra em 2026 em um per\u00edodo de transforma\u00e7\u00e3o acelerada,\" \/>\n<meta property=\"og:url\" content=\"https:\/\/argreen.com.br\/en\/revolucao-no-hvac-comercial-em-2026-conforto-personalizado-sustentabilidade-e-refrigerantes-ecologicos-dominam-o-mercado\/\" \/>\n<meta property=\"og:site_name\" content=\"Argreen\" \/>\n<meta property=\"article:published_time\" content=\"2026-03-12T13:53:44+00:00\" \/>\n<meta property=\"article:modified_time\" content=\"2026-03-12T15:00:29+00:00\" \/>\n<meta property=\"og:image\" content=\"https:\/\/argreen.com.br\/wp-content\/uploads\/2026\/03\/Design-sem-nome-29-1024x576.png\" \/>\n\t<meta property=\"og:image:width\" content=\"1024\" \/>\n\t<meta property=\"og:image:height\" content=\"576\" \/>\n\t<meta property=\"og:image:type\" content=\"image\/png\" \/>\n<meta name=\"author\" content=\"eduardopiceda\" \/>\n<script type=\"application\/ld+json\" class=\"yoast-schema-graph\">{\"@context\":\"https:\\\/\\\/schema.org\",\"@graph\":[{\"@type\":\"Article\",\"@id\":\"https:\\\/\\\/argreen.com.br\\\/revolucao-no-hvac-comercial-em-2026-conforto-personalizado-sustentabilidade-e-refrigerantes-ecologicos-dominam-o-mercado\\\/#article\",\"isPartOf\":{\"@id\":\"https:\\\/\\\/argreen.com.br\\\/revolucao-no-hvac-comercial-em-2026-conforto-personalizado-sustentabilidade-e-refrigerantes-ecologicos-dominam-o-mercado\\\/\"},\"author\":{\"name\":\"eduardopiceda\",\"@id\":\"https:\\\/\\\/argreen.com.br\\\/#\\\/schema\\\/person\\\/b215043d3010081e81788c49b70b5016\"},\"headline\":\"Revolu\u00e7\u00e3o no HVAC comercial em 2026: conforto personalizado, sustentabilidade e refrigerantes ecol\u00f3gicos dominam o mercado\",\"datePublished\":\"2026-03-12T13:53:44+00:00\",\"dateModified\":\"2026-03-12T15:00:29+00:00\",\"mainEntityOfPage\":{\"@id\":\"https:\\\/\\\/argreen.com.br\\\/revolucao-no-hvac-comercial-em-2026-conforto-personalizado-sustentabilidade-e-refrigerantes-ecologicos-dominam-o-mercado\\\/\"},\"wordCount\":752,\"publisher\":{\"@id\":\"https:\\\/\\\/argreen.com.br\\\/#organization\"},\"image\":{\"@id\":\"https:\\\/\\\/argreen.com.br\\\/revolucao-no-hvac-comercial-em-2026-conforto-personalizado-sustentabilidade-e-refrigerantes-ecologicos-dominam-o-mercado\\\/#primaryimage\"},\"thumbnailUrl\":\"https:\\\/\\\/argreen.com.br\\\/wp-content\\\/uploads\\\/2026\\\/03\\\/Design-sem-nome-29.png\",\"articleSection\":[\"Not\u00edcias\"],\"inLanguage\":\"en-US\"},{\"@type\":\"WebPage\",\"@id\":\"https:\\\/\\\/argreen.com.br\\\/revolucao-no-hvac-comercial-em-2026-conforto-personalizado-sustentabilidade-e-refrigerantes-ecologicos-dominam-o-mercado\\\/\",\"url\":\"https:\\\/\\\/argreen.com.br\\\/revolucao-no-hvac-comercial-em-2026-conforto-personalizado-sustentabilidade-e-refrigerantes-ecologicos-dominam-o-mercado\\\/\",\"name\":\"Revolu\u00e7\u00e3o no HVAC comercial em 2026: conforto personalizado, sustentabilidade e refrigerantes ecol\u00f3gicos dominam o mercado - Argreen\",\"isPartOf\":{\"@id\":\"https:\\\/\\\/argreen.com.br\\\/#website\"},\"primaryImageOfPage\":{\"@id\":\"https:\\\/\\\/argreen.com.br\\\/revolucao-no-hvac-comercial-em-2026-conforto-personalizado-sustentabilidade-e-refrigerantes-ecologicos-dominam-o-mercado\\\/#primaryimage\"},\"image\":{\"@id\":\"https:\\\/\\\/argreen.com.br\\\/revolucao-no-hvac-comercial-em-2026-conforto-personalizado-sustentabilidade-e-refrigerantes-ecologicos-dominam-o-mercado\\\/#primaryimage\"},\"thumbnailUrl\":\"https:\\\/\\\/argreen.com.br\\\/wp-content\\\/uploads\\\/2026\\\/03\\\/Design-sem-nome-29.png\",\"datePublished\":\"2026-03-12T13:53:44+00:00\",\"dateModified\":\"2026-03-12T15:00:29+00:00\",\"breadcrumb\":{\"@id\":\"https:\\\/\\\/argreen.com.br\\\/revolucao-no-hvac-comercial-em-2026-conforto-personalizado-sustentabilidade-e-refrigerantes-ecologicos-dominam-o-mercado\\\/#breadcrumb\"},\"inLanguage\":\"en-US\",\"potentialAction\":[{\"@type\":\"ReadAction\",\"target\":[\"https:\\\/\\\/argreen.com.br\\\/revolucao-no-hvac-comercial-em-2026-conforto-personalizado-sustentabilidade-e-refrigerantes-ecologicos-dominam-o-mercado\\\/\"]}]},{\"@type\":\"ImageObject\",\"inLanguage\":\"en-US\",\"@id\":\"https:\\\/\\\/argreen.com.br\\\/revolucao-no-hvac-comercial-em-2026-conforto-personalizado-sustentabilidade-e-refrigerantes-ecologicos-dominam-o-mercado\\\/#primaryimage\",\"url\":\"https:\\\/\\\/argreen.com.br\\\/wp-content\\\/uploads\\\/2026\\\/03\\\/Design-sem-nome-29.png\",\"contentUrl\":\"https:\\\/\\\/argreen.com.br\\\/wp-content\\\/uploads\\\/2026\\\/03\\\/Design-sem-nome-29.png\",\"width\":1920,\"height\":1080},{\"@type\":\"BreadcrumbList\",\"@id\":\"https:\\\/\\\/argreen.com.br\\\/revolucao-no-hvac-comercial-em-2026-conforto-personalizado-sustentabilidade-e-refrigerantes-ecologicos-dominam-o-mercado\\\/#breadcrumb\",\"itemListElement\":[{\"@type\":\"ListItem\",\"position\":1,\"name\":\"In\u00edcio\",\"item\":\"https:\\\/\\\/argreen.com.br\\\/\"},{\"@type\":\"ListItem\",\"position\":2,\"name\":\"Revolu\u00e7\u00e3o no HVAC comercial em 2026: conforto personalizado, sustentabilidade e refrigerantes ecol\u00f3gicos dominam o mercado\"}]},{\"@type\":\"WebSite\",\"@id\":\"https:\\\/\\\/argreen.com.br\\\/#website\",\"url\":\"https:\\\/\\\/argreen.com.br\\\/\",\"name\":\"Argreen\",\"description\":\"Climatiza\u00e7\u00e3o &amp; Engenharia\",\"publisher\":{\"@id\":\"https:\\\/\\\/argreen.com.br\\\/#organization\"},\"potentialAction\":[{\"@type\":\"SearchAction\",\"target\":{\"@type\":\"EntryPoint\",\"urlTemplate\":\"https:\\\/\\\/argreen.com.br\\\/?s={search_term_string}\"},\"query-input\":{\"@type\":\"PropertyValueSpecification\",\"valueRequired\":true,\"valueName\":\"search_term_string\"}}],\"inLanguage\":\"en-US\"},{\"@type\":\"Organization\",\"@id\":\"https:\\\/\\\/argreen.com.br\\\/#organization\",\"name\":\"Argreen\",\"url\":\"https:\\\/\\\/argreen.com.br\\\/\",\"logo\":{\"@type\":\"ImageObject\",\"inLanguage\":\"en-US\",\"@id\":\"https:\\\/\\\/argreen.com.br\\\/#\\\/schema\\\/logo\\\/image\\\/\",\"url\":\"https:\\\/\\\/argreen.com.br\\\/wp-content\\\/uploads\\\/2023\\\/06\\\/Logo-Argeen.png\",\"contentUrl\":\"https:\\\/\\\/argreen.com.br\\\/wp-content\\\/uploads\\\/2023\\\/06\\\/Logo-Argeen.png\",\"width\":2248,\"height\":767,\"caption\":\"Argreen\"},\"image\":{\"@id\":\"https:\\\/\\\/argreen.com.br\\\/#\\\/schema\\\/logo\\\/image\\\/\"}},{\"@type\":\"Person\",\"@id\":\"https:\\\/\\\/argreen.com.br\\\/#\\\/schema\\\/person\\\/b215043d3010081e81788c49b70b5016\",\"name\":\"eduardopiceda\",\"image\":{\"@type\":\"ImageObject\",\"inLanguage\":\"en-US\",\"@id\":\"https:\\\/\\\/secure.gravatar.com\\\/avatar\\\/87ee2816eda2592631f93a517cc7daeeaed2111232a11a88b74fea0f5768551c?s=96&d=blank&r=g\",\"url\":\"https:\\\/\\\/secure.gravatar.com\\\/avatar\\\/87ee2816eda2592631f93a517cc7daeeaed2111232a11a88b74fea0f5768551c?s=96&d=blank&r=g\",\"contentUrl\":\"https:\\\/\\\/secure.gravatar.com\\\/avatar\\\/87ee2816eda2592631f93a517cc7daeeaed2111232a11a88b74fea0f5768551c?s=96&d=blank&r=g\",\"caption\":\"eduardopiceda\"},\"url\":\"https:\\\/\\\/argreen.com.br\\\/en\\\/author\\\/eduardopiceda\\\/\"}]}<\/script>\n<!-- \/ Yoast SEO plugin. -->","yoast_head_json":{"title":"Revolu\u00e7\u00e3o no HVAC comercial em 2026: conforto personalizado, sustentabilidade e refrigerantes ecol\u00f3gicos dominam o mercado - Argreen","robots":{"index":"index","follow":"follow","max-snippet":"max-snippet:-1","max-image-preview":"max-image-preview:large","max-video-preview":"max-video-preview:-1"},"canonical":"https:\/\/argreen.com.br\/en\/revolucao-no-hvac-comercial-em-2026-conforto-personalizado-sustentabilidade-e-refrigerantes-ecologicos-dominam-o-mercado\/","og_locale":"en_US","og_type":"article","og_title":"Revolu\u00e7\u00e3o no HVAC comercial em 2026: conforto personalizado, sustentabilidade e refrigerantes ecol\u00f3gicos dominam o mercado - Argreen","og_description":"O mercado de climatiza\u00e7\u00e3o comercial (HVAC) no Brasil e no mundo entra em 2026 em um per\u00edodo de transforma\u00e7\u00e3o acelerada,","og_url":"https:\/\/argreen.com.br\/en\/revolucao-no-hvac-comercial-em-2026-conforto-personalizado-sustentabilidade-e-refrigerantes-ecologicos-dominam-o-mercado\/","og_site_name":"Argreen","article_published_time":"2026-03-12T13:53:44+00:00","article_modified_time":"2026-03-12T15:00:29+00:00","og_image":[{"width":1024,"height":576,"url":"https:\/\/argreen.com.br\/wp-content\/uploads\/2026\/03\/Design-sem-nome-29-1024x576.png","type":"image\/png"}],"author":"eduardopiceda","schema":{"@context":"https:\/\/schema.org","@graph":[{"@type":"Article","@id":"https:\/\/argreen.com.br\/revolucao-no-hvac-comercial-em-2026-conforto-personalizado-sustentabilidade-e-refrigerantes-ecologicos-dominam-o-mercado\/#article","isPartOf":{"@id":"https:\/\/argreen.com.br\/revolucao-no-hvac-comercial-em-2026-conforto-personalizado-sustentabilidade-e-refrigerantes-ecologicos-dominam-o-mercado\/"},"author":{"name":"eduardopiceda","@id":"https:\/\/argreen.com.br\/#\/schema\/person\/b215043d3010081e81788c49b70b5016"},"headline":"Revolu\u00e7\u00e3o no HVAC comercial em 2026: conforto personalizado, sustentabilidade e refrigerantes ecol\u00f3gicos dominam o mercado","datePublished":"2026-03-12T13:53:44+00:00","dateModified":"2026-03-12T15:00:29+00:00","mainEntityOfPage":{"@id":"https:\/\/argreen.com.br\/revolucao-no-hvac-comercial-em-2026-conforto-personalizado-sustentabilidade-e-refrigerantes-ecologicos-dominam-o-mercado\/"},"wordCount":752,"publisher":{"@id":"https:\/\/argreen.com.br\/#organization"},"image":{"@id":"https:\/\/argreen.com.br\/revolucao-no-hvac-comercial-em-2026-conforto-personalizado-sustentabilidade-e-refrigerantes-ecologicos-dominam-o-mercado\/#primaryimage"},"thumbnailUrl":"https:\/\/argreen.com.br\/wp-content\/uploads\/2026\/03\/Design-sem-nome-29.png","articleSection":["Not\u00edcias"],"inLanguage":"en-US"},{"@type":"WebPage","@id":"https:\/\/argreen.com.br\/revolucao-no-hvac-comercial-em-2026-conforto-personalizado-sustentabilidade-e-refrigerantes-ecologicos-dominam-o-mercado\/","url":"https:\/\/argreen.com.br\/revolucao-no-hvac-comercial-em-2026-conforto-personalizado-sustentabilidade-e-refrigerantes-ecologicos-dominam-o-mercado\/","name":"Revolu\u00e7\u00e3o no HVAC comercial em 2026: conforto personalizado, sustentabilidade e refrigerantes ecol\u00f3gicos dominam o mercado - Argreen","isPartOf":{"@id":"https:\/\/argreen.com.br\/#website"},"primaryImageOfPage":{"@id":"https:\/\/argreen.com.br\/revolucao-no-hvac-comercial-em-2026-conforto-personalizado-sustentabilidade-e-refrigerantes-ecologicos-dominam-o-mercado\/#primaryimage"},"image":{"@id":"https:\/\/argreen.com.br\/revolucao-no-hvac-comercial-em-2026-conforto-personalizado-sustentabilidade-e-refrigerantes-ecologicos-dominam-o-mercado\/#primaryimage"},"thumbnailUrl":"https:\/\/argreen.com.br\/wp-content\/uploads\/2026\/03\/Design-sem-nome-29.png","datePublished":"2026-03-12T13:53:44+00:00","dateModified":"2026-03-12T15:00:29+00:00","breadcrumb":{"@id":"https:\/\/argreen.com.br\/revolucao-no-hvac-comercial-em-2026-conforto-personalizado-sustentabilidade-e-refrigerantes-ecologicos-dominam-o-mercado\/#breadcrumb"},"inLanguage":"en-US","potentialAction":[{"@type":"ReadAction","target":["https:\/\/argreen.com.br\/revolucao-no-hvac-comercial-em-2026-conforto-personalizado-sustentabilidade-e-refrigerantes-ecologicos-dominam-o-mercado\/"]}]},{"@type":"ImageObject","inLanguage":"en-US","@id":"https:\/\/argreen.com.br\/revolucao-no-hvac-comercial-em-2026-conforto-personalizado-sustentabilidade-e-refrigerantes-ecologicos-dominam-o-mercado\/#primaryimage","url":"https:\/\/argreen.com.br\/wp-content\/uploads\/2026\/03\/Design-sem-nome-29.png","contentUrl":"https:\/\/argreen.com.br\/wp-content\/uploads\/2026\/03\/Design-sem-nome-29.png","width":1920,"height":1080},{"@type":"BreadcrumbList","@id":"https:\/\/argreen.com.br\/revolucao-no-hvac-comercial-em-2026-conforto-personalizado-sustentabilidade-e-refrigerantes-ecologicos-dominam-o-mercado\/#breadcrumb","itemListElement":[{"@type":"ListItem","position":1,"name":"In\u00edcio","item":"https:\/\/argreen.com.br\/"},{"@type":"ListItem","position":2,"name":"Revolu\u00e7\u00e3o no HVAC comercial em 2026: conforto personalizado, sustentabilidade e refrigerantes ecol\u00f3gicos dominam o mercado"}]},{"@type":"WebSite","@id":"https:\/\/argreen.com.br\/#website","url":"https:\/\/argreen.com.br\/","name":"Argreen","description":"Climatiza\u00e7\u00e3o &amp; Engenharia","publisher":{"@id":"https:\/\/argreen.com.br\/#organization"},"potentialAction":[{"@type":"SearchAction","target":{"@type":"EntryPoint","urlTemplate":"https:\/\/argreen.com.br\/?s={search_term_string}"},"query-input":{"@type":"PropertyValueSpecification","valueRequired":true,"valueName":"search_term_string"}}],"inLanguage":"en-US"},{"@type":"Organization","@id":"https:\/\/argreen.com.br\/#organization","name":"Argreen","url":"https:\/\/argreen.com.br\/","logo":{"@type":"ImageObject","inLanguage":"en-US","@id":"https:\/\/argreen.com.br\/#\/schema\/logo\/image\/","url":"https:\/\/argreen.com.br\/wp-content\/uploads\/2023\/06\/Logo-Argeen.png","contentUrl":"https:\/\/argreen.com.br\/wp-content\/uploads\/2023\/06\/Logo-Argeen.png","width":2248,"height":767,"caption":"Argreen"},"image":{"@id":"https:\/\/argreen.com.br\/#\/schema\/logo\/image\/"}},{"@type":"Person","@id":"https:\/\/argreen.com.br\/#\/schema\/person\/b215043d3010081e81788c49b70b5016","name":"eduardopiceda","image":{"@type":"ImageObject","inLanguage":"en-US","@id":"https:\/\/secure.gravatar.com\/avatar\/87ee2816eda2592631f93a517cc7daeeaed2111232a11a88b74fea0f5768551c?s=96&d=blank&r=g","url":"https:\/\/secure.gravatar.com\/avatar\/87ee2816eda2592631f93a517cc7daeeaed2111232a11a88b74fea0f5768551c?s=96&d=blank&r=g","contentUrl":"https:\/\/secure.gravatar.com\/avatar\/87ee2816eda2592631f93a517cc7daeeaed2111232a11a88b74fea0f5768551c?s=96&d=blank&r=g","caption":"eduardopiceda"},"url":"https:\/\/argreen.com.br\/en\/author\/eduardopiceda\/"}]}},"_links":{"self":[{"href":"https:\/\/argreen.com.br\/en\/wp-json\/wp\/v2\/posts\/4557","targetHints":{"allow":["GET"]}}],"collection":[{"href":"https:\/\/argreen.com.br\/en\/wp-json\/wp\/v2\/posts"}],"about":[{"href":"https:\/\/argreen.com.br\/en\/wp-json\/wp\/v2\/types\/post"}],"author":[{"embeddable":true,"href":"https:\/\/argreen.com.br\/en\/wp-json\/wp\/v2\/users\/17"}],"replies":[{"embeddable":true,"href":"https:\/\/argreen.com.br\/en\/wp-json\/wp\/v2\/comments?post=4557"}],"version-history":[{"count":1,"href":"https:\/\/argreen.com.br\/en\/wp-json\/wp\/v2\/posts\/4557\/revisions"}],"predecessor-version":[{"id":4559,"href":"https:\/\/argreen.com.br\/en\/wp-json\/wp\/v2\/posts\/4557\/revisions\/4559"}],"wp:featuredmedia":[{"embeddable":true,"href":"https:\/\/argreen.com.br\/en\/wp-json\/wp\/v2\/media\/4558"}],"wp:attachment":[{"href":"https:\/\/argreen.com.br\/en\/wp-json\/wp\/v2\/media?parent=4557"}],"wp:term":[{"taxonomy":"category","embeddable":true,"href":"https:\/\/argreen.com.br\/en\/wp-json\/wp\/v2\/categories?post=4557"},{"taxonomy":"post_tag","embeddable":true,"href":"https:\/\/argreen.com.br\/en\/wp-json\/wp\/v2\/tags?post=4557"}],"curies":[{"name":"wp","href":"https:\/\/api.w.org\/{rel}","templated":true}]}}