{"id":4551,"date":"2026-03-12T08:56:51","date_gmt":"2026-03-12T11:56:51","guid":{"rendered":"https:\/\/argreen.com.br\/?p=4551"},"modified":"2026-03-12T09:51:44","modified_gmt":"2026-03-12T12:51:44","slug":"crise-no-oriente-medio-o-que-o-conflito-entre-ira-e-israel-pode-mudar-no-mercado-de-climatizacao","status":"publish","type":"post","link":"https:\/\/argreen.com.br\/es\/crise-no-oriente-medio-o-que-o-conflito-entre-ira-e-israel-pode-mudar-no-mercado-de-climatizacao\/","title":{"rendered":"Crisis en Medio Oriente: Qu\u00e9 Puede Cambiar el Conflicto entre Ir\u00e1n e Israel en el Mercado de Climatizaci\u00f3n"},"content":{"rendered":"<h1 data-section-id=\"1061hcg\" data-start=\"0\" data-end=\"93\">Conflicto entre Ir\u00e1n e Israel y sus Posibles Impactos en el Sector de Climatizaci\u00f3n e Ingenier\u00eda<\/h1>\n<p data-start=\"95\" data-end=\"555\">Las recientes tensiones en Medio Oriente que involucran <strong data-start=\"143\" data-end=\"184\"><span class=\"hover:entity-accent entity-underline inline cursor-pointer align-baseline\"><span class=\"whitespace-normal\">Ir\u00e1n<\/span><\/span><\/strong> e <strong data-start=\"187\" data-end=\"228\"><span class=\"hover:entity-accent entity-underline inline cursor-pointer align-baseline\"><span class=\"whitespace-normal\">Israel<\/span><\/span><\/strong> han despertado la atenci\u00f3n de gobiernos, analistas econ\u00f3micos y diversos sectores industriales alrededor del mundo. Aunque el conflicto est\u00e1 concentrado en una regi\u00f3n espec\u00edfica, sus efectos pueden expandirse r\u00e1pidamente por la econom\u00eda global debido a la fuerte interdependencia entre los mercados, las cadenas de suministro y los flujos energ\u00e9ticos.<\/p>\n<p data-start=\"557\" data-end=\"1007\">Para los sectores industriales y de infraestructura, como el de climatizaci\u00f3n y la ingenier\u00eda HVAC, los impactos tienden a ocurrir de forma indirecta, pero significativa. Cuestiones relacionadas con el precio de <strong>energ\u00eda<\/strong> disponibilidad de <strong>materias primas<\/strong>,<strong> costos log\u00edsticos<\/strong> e<strong> estabilidad econ\u00f3mica global<\/strong> pueden influir desde la fabricaci\u00f3n de equipos hasta la ejecuci\u00f3n de<strong> proyectos de climatizaci\u00f3n<\/strong> en edificios comerciales, hospitales, industrias y centros log\u00edsticos.<\/p>\n<p data-start=\"1009\" data-end=\"1189\">En este escenario, comprender los posibles desarrollos geopol\u00edticos se vuelve importante para las empresas que trabajan con ingenier\u00eda, instalaci\u00f3n y mantenimiento de sistemas de climatizaci\u00f3n.<\/p>\n<h2 data-section-id=\"1xrr8va\" data-start=\"1196\" data-end=\"1254\">El Papel Estrat\u00e9gico de Medio Oriente en la Econom\u00eda Global<\/h2>\n<p data-start=\"1256\" data-end=\"1477\">Medio Oriente ocupa una posici\u00f3n central en el mercado energ\u00e9tico mundial. Los pa\u00edses de la regi\u00f3n concentran una parte significativa de las reservas globales de petr\u00f3leo y gas natural, recursos fundamentales para la econom\u00eda moderna.<\/p>\n<p data-start=\"1479\" data-end=\"1842\">O <strong data-start=\"1481\" data-end=\"1522\"><span class=\"hover:entity-accent entity-underline inline cursor-pointer align-baseline\"><span class=\"whitespace-normal\">Ir\u00e1n<\/span><\/span><\/strong>, en particular, posee algunas de las mayores reservas de petr\u00f3leo y gas del mundo y desempe\u00f1a un papel relevante en el suministro energ\u00e9tico global. En momentos de inestabilidad en la regi\u00f3n, el mercado internacional suele reaccionar r\u00e1pidamente, elevando el precio del petr\u00f3leo y aumentando la volatilidad en los mercados de energ\u00eda.<\/p>\n<p data-start=\"1844\" data-end=\"2050\">Este movimiento tiene un efecto en cascada sobre diversos sectores industriales, ya que el petr\u00f3leo no es solo una fuente de energ\u00eda, sino tambi\u00e9n la base de numerosos derivados utilizados en procesos de fabricaci\u00f3n.<\/p>\n<h2 data-section-id=\"1lz2hmf\" data-start=\"2057\" data-end=\"2111\">C\u00f3mo el Aumento del Precio del Petr\u00f3leo Puede Afectar al Sector HVAC<\/h2>\n<p data-start=\"2113\" data-end=\"2303\">Los equipos de climatizaci\u00f3n dependen de una amplia cadena industrial que involucra metales, pl\u00e1sticos t\u00e9cnicos, componentes electr\u00f3nicos y diversos materiales derivados de la industria petroqu\u00edmica.<\/p>\n<p data-start=\"2305\" data-end=\"2439\">Cuando el precio del petr\u00f3leo aumenta, muchos de estos insumos tambi\u00e9n experimentan incrementos de costo. Entre los principales materiales impactados se encuentran:<\/p>\n<ul data-start=\"2441\" data-end=\"2624\">\n<li data-section-id=\"1ohd8zi\" data-start=\"2441\" data-end=\"2505\">\n<p data-start=\"2443\" data-end=\"2505\">pl\u00e1sticos estructurales utilizados en carcasas de equipos<\/p>\n<\/li>\n<li data-section-id=\"1900ogx\" data-start=\"2506\" data-end=\"2538\">\n<p data-start=\"2508\" data-end=\"2538\">espumas y aislantes t\u00e9rmicos<\/p>\n<\/li>\n<li data-section-id=\"xsgq45\" data-start=\"2539\" data-end=\"2586\">\n<p data-start=\"2541\" data-end=\"2586\">cauchos t\u00e9cnicos y componentes de sellado<\/p>\n<\/li>\n<li data-section-id=\"h62our\" data-start=\"2587\" data-end=\"2624\">\n<p data-start=\"2589\" data-end=\"2624\">fluidos y lubricantes industriales<\/p>\n<\/li>\n<\/ul>\n<p data-start=\"2626\" data-end=\"2873\">Adem\u00e1s, el aumento en el costo de la energ\u00eda afecta directamente a las industrias fabricantes de equipos HVAC, que dependen de procesos industriales intensivos como la fundici\u00f3n de metales, la fabricaci\u00f3n de compresores y la producci\u00f3n de componentes el\u00e9ctricos.<\/p>\n<p data-start=\"2875\" data-end=\"3007\">Como resultado, aumentos prolongados en el precio de la energ\u00eda pueden reflejarse en el costo final de los sistemas de climatizaci\u00f3n comerciales e industriales.<\/p>\n<h2 data-section-id=\"15av0fy\" data-start=\"3014\" data-end=\"3058\">Impactos en el Mercado de Metales Industriales<\/h2>\n<p data-start=\"3060\" data-end=\"3335\">Otro factor relevante en per\u00edodos de conflicto internacional es la volatilidad en el mercado de commodities met\u00e1licas. Los metales estrat\u00e9gicos tienden a tener una mayor demanda en escenarios de inestabilidad global, tanto para la industria como para sectores vinculados a la infraestructura y la defensa.<\/p>\n<p data-start=\"3337\" data-end=\"3490\">En el sector de climatizaci\u00f3n, algunos metales son fundamentales para el funcionamiento y la eficiencia de los sistemas. El cobre, por ejemplo, es ampliamente utilizado en:<\/p>\n<ul data-start=\"3492\" data-end=\"3606\">\n<li data-section-id=\"vp1nt2\" data-start=\"3492\" data-end=\"3522\">\n<p data-start=\"3494\" data-end=\"3522\">tuber\u00edas de refrigeraci\u00f3n<\/p>\n<\/li>\n<li data-section-id=\"1sdydg5\" data-start=\"3523\" data-end=\"3555\">\n<p data-start=\"3525\" data-end=\"3555\">serpentines de intercambio t\u00e9rmico<\/p>\n<\/li>\n<li data-section-id=\"1li1hyd\" data-start=\"3556\" data-end=\"3577\">\n<p data-start=\"3558\" data-end=\"3577\">motores el\u00e9ctricos<\/p>\n<\/li>\n<li data-section-id=\"woiu8j\" data-start=\"3578\" data-end=\"3606\">\n<p data-start=\"3580\" data-end=\"3606\">cables y conexiones el\u00e9ctricas<\/p>\n<\/li>\n<\/ul>\n<p data-start=\"3608\" data-end=\"3758\">Las fluctuaciones en el precio del cobre pueden impactar directamente el costo de fabricaci\u00f3n de equipos y la ejecuci\u00f3n de instalaciones de sistemas de climatizaci\u00f3n.<\/p>\n<p data-start=\"3760\" data-end=\"3914\">De la misma manera, metales como el aluminio y el acero tambi\u00e9n desempe\u00f1an un papel importante en la estructura de los equipos, los intercambiadores de calor y los sistemas de ventilaci\u00f3n.<\/p>\n<h2 data-section-id=\"1ohtow7\" data-start=\"3921\" data-end=\"3982\">Log\u00edstica Internacional y Rutas Estrat\u00e9gicas de Transporte<\/h2>\n<p data-start=\"3984\" data-end=\"4236\">La estabilidad de las rutas mar\u00edtimas internacionales es otro punto cr\u00edtico en escenarios de tensi\u00f3n geopol\u00edtica. El transporte global de mercanc\u00edas depende de corredores mar\u00edtimos que conectan regiones productoras con centros industriales y mercados consumidores.<\/p>\n<p data-start=\"4238\" data-end=\"4451\">Un ejemplo estrat\u00e9gico es el <strong data-start=\"4265\" data-end=\"4306\"><span class=\"hover:entity-accent entity-underline inline cursor-pointer align-baseline\"><span class=\"whitespace-normal\">Estrecho de Ormuz<\/span><\/span><\/strong>, ubicado entre el Golfo P\u00e9rsico y el Golfo de Om\u00e1n. Este paso es responsable de una parte significativa del transporte mundial de petr\u00f3leo.<\/p>\n<p data-start=\"4453\" data-end=\"4567\">En caso de restricciones, bloqueos o aumento del riesgo en la regi\u00f3n, el transporte mar\u00edtimo puede sufrir impactos como:<\/p>\n<ul data-start=\"4569\" data-end=\"4732\">\n<li data-section-id=\"1f3p07m\" data-start=\"4569\" data-end=\"4612\">\n<p data-start=\"4571\" data-end=\"4612\">aumento del costo del flete internacional<\/p>\n<\/li>\n<li data-section-id=\"u3zsz0\" data-start=\"4613\" data-end=\"4642\">\n<p data-start=\"4615\" data-end=\"4642\">mayores plazos de entrega<\/p>\n<\/li>\n<li data-section-id=\"19jmkmn\" data-start=\"4643\" data-end=\"4683\">\n<p data-start=\"4645\" data-end=\"4683\">redireccionamiento de rutas comerciales<\/p>\n<\/li>\n<li data-section-id=\"unhkxt\" data-start=\"4684\" data-end=\"4732\">\n<p data-start=\"4686\" data-end=\"4732\">mayor presi\u00f3n sobre las cadenas log\u00edsticas globales<\/p>\n<\/li>\n<\/ul>\n<p data-start=\"4734\" data-end=\"4927\">Para el sector HVAC, que depende de la importaci\u00f3n de componentes, compresores, placas electr\u00f3nicas y equipos completos, cualquier cambio log\u00edstico puede afectar los cronogramas de obras y proyectos.<\/p>\n<h2 data-section-id=\"15glitn\" data-start=\"4934\" data-end=\"4985\">Impactos en el Sector de Construcci\u00f3n e Infraestructura<\/h2>\n<p data-start=\"4987\" data-end=\"5232\">El sector de climatizaci\u00f3n est\u00e1 directamente conectado con la construcci\u00f3n y el desarrollo de infraestructura. Los proyectos de climatizaci\u00f3n son una parte esencial de edificios comerciales, hospitales, industrias, centros de datos, hoteles y centros log\u00edsticos.<\/p>\n<p data-start=\"5234\" data-end=\"5376\">El sector de climatizaci\u00f3n est\u00e1 directamente conectado con la construcci\u00f3n y el desarrollo de infraestructura. Los proyectos de climatizaci\u00f3n son una parte esencial de edificios comerciales, hospitales, industrias, centros de datos, hoteles y centros log\u00edsticos.<\/p>\n<ul data-start=\"5378\" data-end=\"5531\">\n<li data-section-id=\"1nq00b8\" data-start=\"5378\" data-end=\"5400\">\n<p data-start=\"5380\" data-end=\"5400\">aplazamiento de obras<\/p>\n<\/li>\n<li data-section-id=\"1wghnk9\" data-start=\"5401\" data-end=\"5442\">\n<p data-start=\"5403\" data-end=\"5442\">revisi\u00f3n de inversiones inmobiliarias<\/p>\n<\/li>\n<li data-section-id=\"1ahq0hm\" data-start=\"5443\" data-end=\"5489\">\n<p data-start=\"5445\" data-end=\"5489\">mayor selectividad en proyectos industriales<\/p>\n<\/li>\n<li data-section-id=\"10i4ice\" data-start=\"5490\" data-end=\"5531\">\n<p data-start=\"5492\" data-end=\"5531\">enfoque en la modernizaci\u00f3n en lugar de la expansi\u00f3n<\/p>\n<\/li>\n<\/ul>\n<p data-start=\"5533\" data-end=\"5645\">Como consecuencia, el ritmo de nuevos proyectos de climatizaci\u00f3n puede desacelerarse en determinados per\u00edodos.<\/p>\n<h2 data-section-id=\"12uzy7b\" data-start=\"5652\" data-end=\"5703\">La Creciente Importancia de la Eficiencia Energ\u00e9tica<\/h2>\n<p data-start=\"5705\" data-end=\"5861\">A pesar de los desaf\u00edos que los escenarios geopol\u00edticos pueden traer, tambi\u00e9n refuerzan una tendencia importante en el sector: la b\u00fasqueda de una mayor eficiencia energ\u00e9tica.<\/p>\n<p data-start=\"5863\" data-end=\"6021\">Cuando los costos de energ\u00eda aumentan, las empresas y organizaciones otorgan a\u00fan m\u00e1s importancia a los sistemas que permiten reducir el consumo y optimizar la operaci\u00f3n.<\/p>\n<p data-start=\"6023\" data-end=\"6053\">En este contexto, soluciones como:<\/p>\n<ul data-start=\"6055\" data-end=\"6254\">\n<li data-section-id=\"e7rn97\" data-start=\"6055\" data-end=\"6090\">\n<p data-start=\"6057\" data-end=\"6090\">sistemas VRF de alta eficiencia<\/p>\n<\/li>\n<li data-section-id=\"1acajhr\" data-start=\"6091\" data-end=\"6143\">\n<p data-start=\"6093\" data-end=\"6143\">automatizaci\u00f3n y control inteligente de climatizaci\u00f3n<\/p>\n<\/li>\n<li data-section-id=\"1lqv136\" data-start=\"6144\" data-end=\"6176\">\n<p data-start=\"6146\" data-end=\"6176\">actualizaci\u00f3n de sistemas antiguos<\/p>\n<\/li>\n<li data-section-id=\"1yniug3\" data-start=\"6177\" data-end=\"6218\">\n<p data-start=\"6179\" data-end=\"6218\">optimizaci\u00f3n de plantas de agua fr\u00eda<\/p>\n<\/li>\n<li data-section-id=\"lr9jvi\" data-start=\"6219\" data-end=\"6254\">\n<p data-start=\"6221\" data-end=\"6254\">mantenimiento predictivo y preventivo<\/p>\n<\/li>\n<\/ul>\n<p data-start=\"6256\" data-end=\"6292\">adquieren mayor relevancia estrat\u00e9gica.<\/p>\n<p data-start=\"6294\" data-end=\"6479\">Projects that were previously seen merely as modernization are now considered important investments for reducing operational costs and increasing energy sustainability.<\/p>\n<h2 data-section-id=\"1dvzj9c\" data-start=\"6486\" data-end=\"6539\">El Sector de Climatizaci\u00f3n en un Mundo Interconectado<\/h2>\n<p data-start=\"6541\" data-end=\"6761\">La industria de climatizaci\u00f3n e ingenier\u00eda est\u00e1 inserta en una cadena global compleja, que involucra fabricantes internacionales, proveedores de componentes, log\u00edstica global e integraci\u00f3n con diferentes sectores de la econom\u00eda.<\/p>\n<p data-start=\"6763\" data-end=\"6953\">Los eventos geopol\u00edticos, aunque ocurran a miles de kil\u00f3metros de distancia, pueden generar efectos que atraviesan los mercados e impactan directamente los costos, los plazos y las estrategias de inversi\u00f3n.<\/p>\n<p data-start=\"6955\" data-end=\"7164\">Por este motivo, las empresas del sector necesitan seguir no solo los avances tecnol\u00f3gicos y las tendencias de ingenier\u00eda, sino tambi\u00e9n los movimientos econ\u00f3micos y geopol\u00edticos que puedan influir en el entorno de negocios.<\/p>\n<h2 data-section-id=\"1q7ly30\" data-start=\"7171\" data-end=\"7199\">Perspectivas para el Sector<\/h2>\n<p data-start=\"7201\" data-end=\"7411\">Aunque es dif\u00edcil predecir la evoluci\u00f3n de los conflictos internacionales, los expertos se\u00f1alan que los per\u00edodos de inestabilidad global tienden a acelerar algunas transformaciones importantes en el sector de climatizaci\u00f3n, como:<\/p>\n<ul data-start=\"7413\" data-end=\"7592\">\n<li data-section-id=\"1imlyxr\" data-start=\"7413\" data-end=\"7452\">\n<p data-start=\"7415\" data-end=\"7452\">mayor enfoque en eficiencia energ\u00e9tica<\/p>\n<\/li>\n<li data-section-id=\"oizmq7\" data-start=\"7453\" data-end=\"7496\">\n<p data-start=\"7455\" data-end=\"7496\">b\u00fasqueda de tecnolog\u00edas m\u00e1s sostenibles<\/p>\n<\/li>\n<li data-section-id=\"o6e4vn\" data-start=\"7497\" data-end=\"7539\">\n<p data-start=\"7499\" data-end=\"7539\">valorizaci\u00f3n de proyectos bien planificados<\/p>\n<\/li>\n<li data-section-id=\"65ofi4\" data-start=\"7540\" data-end=\"7592\">\n<p data-start=\"7542\" data-end=\"7592\">mayor importancia de la ingenier\u00eda especializada<\/p>\n<\/li>\n<\/ul>\n<p data-start=\"7594\" data-end=\"7800\">En este escenario, las empresas que se centran en la planificaci\u00f3n t\u00e9cnica, soluciones eficientes y visi\u00f3n estrat\u00e9gica tienden a posicionarse mejor para enfrentar momentos de incertidumbre y atender a las nuevas demandas del mercado.<\/p>","protected":false},"excerpt":{"rendered":"<p>Conflito entre Ir\u00e3 e Israel e seus poss\u00edveis impactos no setor de climatiza\u00e7\u00e3o e engenharia As recentes tens\u00f5es no Oriente<\/p>","protected":false},"author":17,"featured_media":4552,"comment_status":"closed","ping_status":"closed","sticky":false,"template":"","format":"standard","meta":{"footnotes":""},"categories":[1],"tags":[],"class_list":["post-4551","post","type-post","status-publish","format-standard","has-post-thumbnail","hentry","category-noticias"],"yoast_head":"<!-- This site is optimized with the Yoast SEO plugin v27.3 - https:\/\/yoast.com\/product\/yoast-seo-wordpress\/ -->\n<title>Crise no Oriente M\u00e9dio: o que o conflito entre Ir\u00e3 e Israel pode mudar no mercado de climatiza\u00e7\u00e3o - Argreen<\/title>\n<meta name=\"robots\" content=\"index, follow, max-snippet:-1, max-image-preview:large, max-video-preview:-1\" \/>\n<link rel=\"canonical\" href=\"https:\/\/argreen.com.br\/es\/crise-no-oriente-medio-o-que-o-conflito-entre-ira-e-israel-pode-mudar-no-mercado-de-climatizacao\/\" \/>\n<meta property=\"og:locale\" content=\"es_ES\" \/>\n<meta property=\"og:type\" content=\"article\" \/>\n<meta property=\"og:title\" content=\"Crise no Oriente M\u00e9dio: o que o conflito entre Ir\u00e3 e Israel pode mudar no mercado de climatiza\u00e7\u00e3o - Argreen\" \/>\n<meta property=\"og:description\" content=\"Conflito entre Ir\u00e3 e Israel e seus poss\u00edveis impactos no setor de climatiza\u00e7\u00e3o e engenharia As recentes tens\u00f5es no Oriente\" \/>\n<meta property=\"og:url\" content=\"https:\/\/argreen.com.br\/es\/crise-no-oriente-medio-o-que-o-conflito-entre-ira-e-israel-pode-mudar-no-mercado-de-climatizacao\/\" \/>\n<meta property=\"og:site_name\" content=\"Argreen\" \/>\n<meta property=\"article:published_time\" content=\"2026-03-12T11:56:51+00:00\" \/>\n<meta property=\"article:modified_time\" content=\"2026-03-12T12:51:44+00:00\" \/>\n<meta property=\"og:image\" content=\"https:\/\/argreen.com.br\/wp-content\/uploads\/2026\/03\/Design-sem-nome-28.png\" \/>\n\t<meta property=\"og:image:width\" content=\"700\" \/>\n\t<meta property=\"og:image:height\" content=\"500\" \/>\n\t<meta property=\"og:image:type\" content=\"image\/png\" \/>\n<meta name=\"author\" content=\"eduardopiceda\" \/>\n<script type=\"application\/ld+json\" class=\"yoast-schema-graph\">{\"@context\":\"https:\\\/\\\/schema.org\",\"@graph\":[{\"@type\":\"Article\",\"@id\":\"https:\\\/\\\/argreen.com.br\\\/crise-no-oriente-medio-o-que-o-conflito-entre-ira-e-israel-pode-mudar-no-mercado-de-climatizacao\\\/#article\",\"isPartOf\":{\"@id\":\"https:\\\/\\\/argreen.com.br\\\/crise-no-oriente-medio-o-que-o-conflito-entre-ira-e-israel-pode-mudar-no-mercado-de-climatizacao\\\/\"},\"author\":{\"name\":\"eduardopiceda\",\"@id\":\"https:\\\/\\\/argreen.com.br\\\/#\\\/schema\\\/person\\\/b215043d3010081e81788c49b70b5016\"},\"headline\":\"Crise no Oriente M\u00e9dio: o que o conflito entre Ir\u00e3 e Israel pode mudar no mercado de climatiza\u00e7\u00e3o\",\"datePublished\":\"2026-03-12T11:56:51+00:00\",\"dateModified\":\"2026-03-12T12:51:44+00:00\",\"mainEntityOfPage\":{\"@id\":\"https:\\\/\\\/argreen.com.br\\\/crise-no-oriente-medio-o-que-o-conflito-entre-ira-e-israel-pode-mudar-no-mercado-de-climatizacao\\\/\"},\"wordCount\":1250,\"publisher\":{\"@id\":\"https:\\\/\\\/argreen.com.br\\\/#organization\"},\"image\":{\"@id\":\"https:\\\/\\\/argreen.com.br\\\/crise-no-oriente-medio-o-que-o-conflito-entre-ira-e-israel-pode-mudar-no-mercado-de-climatizacao\\\/#primaryimage\"},\"thumbnailUrl\":\"https:\\\/\\\/argreen.com.br\\\/wp-content\\\/uploads\\\/2026\\\/03\\\/Design-sem-nome-28.png\",\"articleSection\":[\"Not\u00edcias\"],\"inLanguage\":\"es\"},{\"@type\":\"WebPage\",\"@id\":\"https:\\\/\\\/argreen.com.br\\\/crise-no-oriente-medio-o-que-o-conflito-entre-ira-e-israel-pode-mudar-no-mercado-de-climatizacao\\\/\",\"url\":\"https:\\\/\\\/argreen.com.br\\\/crise-no-oriente-medio-o-que-o-conflito-entre-ira-e-israel-pode-mudar-no-mercado-de-climatizacao\\\/\",\"name\":\"Crise no Oriente M\u00e9dio: o que o conflito entre Ir\u00e3 e Israel pode mudar no mercado de climatiza\u00e7\u00e3o - Argreen\",\"isPartOf\":{\"@id\":\"https:\\\/\\\/argreen.com.br\\\/#website\"},\"primaryImageOfPage\":{\"@id\":\"https:\\\/\\\/argreen.com.br\\\/crise-no-oriente-medio-o-que-o-conflito-entre-ira-e-israel-pode-mudar-no-mercado-de-climatizacao\\\/#primaryimage\"},\"image\":{\"@id\":\"https:\\\/\\\/argreen.com.br\\\/crise-no-oriente-medio-o-que-o-conflito-entre-ira-e-israel-pode-mudar-no-mercado-de-climatizacao\\\/#primaryimage\"},\"thumbnailUrl\":\"https:\\\/\\\/argreen.com.br\\\/wp-content\\\/uploads\\\/2026\\\/03\\\/Design-sem-nome-28.png\",\"datePublished\":\"2026-03-12T11:56:51+00:00\",\"dateModified\":\"2026-03-12T12:51:44+00:00\",\"breadcrumb\":{\"@id\":\"https:\\\/\\\/argreen.com.br\\\/crise-no-oriente-medio-o-que-o-conflito-entre-ira-e-israel-pode-mudar-no-mercado-de-climatizacao\\\/#breadcrumb\"},\"inLanguage\":\"es\",\"potentialAction\":[{\"@type\":\"ReadAction\",\"target\":[\"https:\\\/\\\/argreen.com.br\\\/crise-no-oriente-medio-o-que-o-conflito-entre-ira-e-israel-pode-mudar-no-mercado-de-climatizacao\\\/\"]}]},{\"@type\":\"ImageObject\",\"inLanguage\":\"es\",\"@id\":\"https:\\\/\\\/argreen.com.br\\\/crise-no-oriente-medio-o-que-o-conflito-entre-ira-e-israel-pode-mudar-no-mercado-de-climatizacao\\\/#primaryimage\",\"url\":\"https:\\\/\\\/argreen.com.br\\\/wp-content\\\/uploads\\\/2026\\\/03\\\/Design-sem-nome-28.png\",\"contentUrl\":\"https:\\\/\\\/argreen.com.br\\\/wp-content\\\/uploads\\\/2026\\\/03\\\/Design-sem-nome-28.png\",\"width\":700,\"height\":500},{\"@type\":\"BreadcrumbList\",\"@id\":\"https:\\\/\\\/argreen.com.br\\\/crise-no-oriente-medio-o-que-o-conflito-entre-ira-e-israel-pode-mudar-no-mercado-de-climatizacao\\\/#breadcrumb\",\"itemListElement\":[{\"@type\":\"ListItem\",\"position\":1,\"name\":\"In\u00edcio\",\"item\":\"https:\\\/\\\/argreen.com.br\\\/\"},{\"@type\":\"ListItem\",\"position\":2,\"name\":\"Crise no Oriente M\u00e9dio: o que o conflito entre Ir\u00e3 e Israel pode mudar no mercado de climatiza\u00e7\u00e3o\"}]},{\"@type\":\"WebSite\",\"@id\":\"https:\\\/\\\/argreen.com.br\\\/#website\",\"url\":\"https:\\\/\\\/argreen.com.br\\\/\",\"name\":\"Argreen\",\"description\":\"Climatiza\u00e7\u00e3o &amp; Engenharia\",\"publisher\":{\"@id\":\"https:\\\/\\\/argreen.com.br\\\/#organization\"},\"potentialAction\":[{\"@type\":\"SearchAction\",\"target\":{\"@type\":\"EntryPoint\",\"urlTemplate\":\"https:\\\/\\\/argreen.com.br\\\/?s={search_term_string}\"},\"query-input\":{\"@type\":\"PropertyValueSpecification\",\"valueRequired\":true,\"valueName\":\"search_term_string\"}}],\"inLanguage\":\"es\"},{\"@type\":\"Organization\",\"@id\":\"https:\\\/\\\/argreen.com.br\\\/#organization\",\"name\":\"Argreen\",\"url\":\"https:\\\/\\\/argreen.com.br\\\/\",\"logo\":{\"@type\":\"ImageObject\",\"inLanguage\":\"es\",\"@id\":\"https:\\\/\\\/argreen.com.br\\\/#\\\/schema\\\/logo\\\/image\\\/\",\"url\":\"https:\\\/\\\/argreen.com.br\\\/wp-content\\\/uploads\\\/2023\\\/06\\\/Logo-Argeen.png\",\"contentUrl\":\"https:\\\/\\\/argreen.com.br\\\/wp-content\\\/uploads\\\/2023\\\/06\\\/Logo-Argeen.png\",\"width\":2248,\"height\":767,\"caption\":\"Argreen\"},\"image\":{\"@id\":\"https:\\\/\\\/argreen.com.br\\\/#\\\/schema\\\/logo\\\/image\\\/\"}},{\"@type\":\"Person\",\"@id\":\"https:\\\/\\\/argreen.com.br\\\/#\\\/schema\\\/person\\\/b215043d3010081e81788c49b70b5016\",\"name\":\"eduardopiceda\",\"image\":{\"@type\":\"ImageObject\",\"inLanguage\":\"es\",\"@id\":\"https:\\\/\\\/secure.gravatar.com\\\/avatar\\\/87ee2816eda2592631f93a517cc7daeeaed2111232a11a88b74fea0f5768551c?s=96&d=blank&r=g\",\"url\":\"https:\\\/\\\/secure.gravatar.com\\\/avatar\\\/87ee2816eda2592631f93a517cc7daeeaed2111232a11a88b74fea0f5768551c?s=96&d=blank&r=g\",\"contentUrl\":\"https:\\\/\\\/secure.gravatar.com\\\/avatar\\\/87ee2816eda2592631f93a517cc7daeeaed2111232a11a88b74fea0f5768551c?s=96&d=blank&r=g\",\"caption\":\"eduardopiceda\"},\"url\":\"https:\\\/\\\/argreen.com.br\\\/es\\\/author\\\/eduardopiceda\\\/\"}]}<\/script>\n<!-- \/ Yoast SEO plugin. -->","yoast_head_json":{"title":"Crise no Oriente M\u00e9dio: o que o conflito entre Ir\u00e3 e Israel pode mudar no mercado de climatiza\u00e7\u00e3o - Argreen","robots":{"index":"index","follow":"follow","max-snippet":"max-snippet:-1","max-image-preview":"max-image-preview:large","max-video-preview":"max-video-preview:-1"},"canonical":"https:\/\/argreen.com.br\/es\/crise-no-oriente-medio-o-que-o-conflito-entre-ira-e-israel-pode-mudar-no-mercado-de-climatizacao\/","og_locale":"es_ES","og_type":"article","og_title":"Crise no Oriente M\u00e9dio: o que o conflito entre Ir\u00e3 e Israel pode mudar no mercado de climatiza\u00e7\u00e3o - Argreen","og_description":"Conflito entre Ir\u00e3 e Israel e seus poss\u00edveis impactos no setor de climatiza\u00e7\u00e3o e engenharia As recentes tens\u00f5es no Oriente","og_url":"https:\/\/argreen.com.br\/es\/crise-no-oriente-medio-o-que-o-conflito-entre-ira-e-israel-pode-mudar-no-mercado-de-climatizacao\/","og_site_name":"Argreen","article_published_time":"2026-03-12T11:56:51+00:00","article_modified_time":"2026-03-12T12:51:44+00:00","og_image":[{"width":700,"height":500,"url":"https:\/\/argreen.com.br\/wp-content\/uploads\/2026\/03\/Design-sem-nome-28.png","type":"image\/png"}],"author":"eduardopiceda","schema":{"@context":"https:\/\/schema.org","@graph":[{"@type":"Article","@id":"https:\/\/argreen.com.br\/crise-no-oriente-medio-o-que-o-conflito-entre-ira-e-israel-pode-mudar-no-mercado-de-climatizacao\/#article","isPartOf":{"@id":"https:\/\/argreen.com.br\/crise-no-oriente-medio-o-que-o-conflito-entre-ira-e-israel-pode-mudar-no-mercado-de-climatizacao\/"},"author":{"name":"eduardopiceda","@id":"https:\/\/argreen.com.br\/#\/schema\/person\/b215043d3010081e81788c49b70b5016"},"headline":"Crise no Oriente M\u00e9dio: o que o conflito entre Ir\u00e3 e Israel pode mudar no mercado de climatiza\u00e7\u00e3o","datePublished":"2026-03-12T11:56:51+00:00","dateModified":"2026-03-12T12:51:44+00:00","mainEntityOfPage":{"@id":"https:\/\/argreen.com.br\/crise-no-oriente-medio-o-que-o-conflito-entre-ira-e-israel-pode-mudar-no-mercado-de-climatizacao\/"},"wordCount":1250,"publisher":{"@id":"https:\/\/argreen.com.br\/#organization"},"image":{"@id":"https:\/\/argreen.com.br\/crise-no-oriente-medio-o-que-o-conflito-entre-ira-e-israel-pode-mudar-no-mercado-de-climatizacao\/#primaryimage"},"thumbnailUrl":"https:\/\/argreen.com.br\/wp-content\/uploads\/2026\/03\/Design-sem-nome-28.png","articleSection":["Not\u00edcias"],"inLanguage":"es"},{"@type":"WebPage","@id":"https:\/\/argreen.com.br\/crise-no-oriente-medio-o-que-o-conflito-entre-ira-e-israel-pode-mudar-no-mercado-de-climatizacao\/","url":"https:\/\/argreen.com.br\/crise-no-oriente-medio-o-que-o-conflito-entre-ira-e-israel-pode-mudar-no-mercado-de-climatizacao\/","name":"Crise no Oriente M\u00e9dio: o que o conflito entre Ir\u00e3 e Israel pode mudar no mercado de climatiza\u00e7\u00e3o - Argreen","isPartOf":{"@id":"https:\/\/argreen.com.br\/#website"},"primaryImageOfPage":{"@id":"https:\/\/argreen.com.br\/crise-no-oriente-medio-o-que-o-conflito-entre-ira-e-israel-pode-mudar-no-mercado-de-climatizacao\/#primaryimage"},"image":{"@id":"https:\/\/argreen.com.br\/crise-no-oriente-medio-o-que-o-conflito-entre-ira-e-israel-pode-mudar-no-mercado-de-climatizacao\/#primaryimage"},"thumbnailUrl":"https:\/\/argreen.com.br\/wp-content\/uploads\/2026\/03\/Design-sem-nome-28.png","datePublished":"2026-03-12T11:56:51+00:00","dateModified":"2026-03-12T12:51:44+00:00","breadcrumb":{"@id":"https:\/\/argreen.com.br\/crise-no-oriente-medio-o-que-o-conflito-entre-ira-e-israel-pode-mudar-no-mercado-de-climatizacao\/#breadcrumb"},"inLanguage":"es","potentialAction":[{"@type":"ReadAction","target":["https:\/\/argreen.com.br\/crise-no-oriente-medio-o-que-o-conflito-entre-ira-e-israel-pode-mudar-no-mercado-de-climatizacao\/"]}]},{"@type":"ImageObject","inLanguage":"es","@id":"https:\/\/argreen.com.br\/crise-no-oriente-medio-o-que-o-conflito-entre-ira-e-israel-pode-mudar-no-mercado-de-climatizacao\/#primaryimage","url":"https:\/\/argreen.com.br\/wp-content\/uploads\/2026\/03\/Design-sem-nome-28.png","contentUrl":"https:\/\/argreen.com.br\/wp-content\/uploads\/2026\/03\/Design-sem-nome-28.png","width":700,"height":500},{"@type":"BreadcrumbList","@id":"https:\/\/argreen.com.br\/crise-no-oriente-medio-o-que-o-conflito-entre-ira-e-israel-pode-mudar-no-mercado-de-climatizacao\/#breadcrumb","itemListElement":[{"@type":"ListItem","position":1,"name":"In\u00edcio","item":"https:\/\/argreen.com.br\/"},{"@type":"ListItem","position":2,"name":"Crise no Oriente M\u00e9dio: o que o conflito entre Ir\u00e3 e Israel pode mudar no mercado de climatiza\u00e7\u00e3o"}]},{"@type":"WebSite","@id":"https:\/\/argreen.com.br\/#website","url":"https:\/\/argreen.com.br\/","name":"Argreen","description":"Climatiza\u00e7\u00e3o &amp; Engenharia","publisher":{"@id":"https:\/\/argreen.com.br\/#organization"},"potentialAction":[{"@type":"SearchAction","target":{"@type":"EntryPoint","urlTemplate":"https:\/\/argreen.com.br\/?s={search_term_string}"},"query-input":{"@type":"PropertyValueSpecification","valueRequired":true,"valueName":"search_term_string"}}],"inLanguage":"es"},{"@type":"Organization","@id":"https:\/\/argreen.com.br\/#organization","name":"Argreen","url":"https:\/\/argreen.com.br\/","logo":{"@type":"ImageObject","inLanguage":"es","@id":"https:\/\/argreen.com.br\/#\/schema\/logo\/image\/","url":"https:\/\/argreen.com.br\/wp-content\/uploads\/2023\/06\/Logo-Argeen.png","contentUrl":"https:\/\/argreen.com.br\/wp-content\/uploads\/2023\/06\/Logo-Argeen.png","width":2248,"height":767,"caption":"Argreen"},"image":{"@id":"https:\/\/argreen.com.br\/#\/schema\/logo\/image\/"}},{"@type":"Person","@id":"https:\/\/argreen.com.br\/#\/schema\/person\/b215043d3010081e81788c49b70b5016","name":"eduardopiceda","image":{"@type":"ImageObject","inLanguage":"es","@id":"https:\/\/secure.gravatar.com\/avatar\/87ee2816eda2592631f93a517cc7daeeaed2111232a11a88b74fea0f5768551c?s=96&d=blank&r=g","url":"https:\/\/secure.gravatar.com\/avatar\/87ee2816eda2592631f93a517cc7daeeaed2111232a11a88b74fea0f5768551c?s=96&d=blank&r=g","contentUrl":"https:\/\/secure.gravatar.com\/avatar\/87ee2816eda2592631f93a517cc7daeeaed2111232a11a88b74fea0f5768551c?s=96&d=blank&r=g","caption":"eduardopiceda"},"url":"https:\/\/argreen.com.br\/es\/author\/eduardopiceda\/"}]}},"_links":{"self":[{"href":"https:\/\/argreen.com.br\/es\/wp-json\/wp\/v2\/posts\/4551","targetHints":{"allow":["GET"]}}],"collection":[{"href":"https:\/\/argreen.com.br\/es\/wp-json\/wp\/v2\/posts"}],"about":[{"href":"https:\/\/argreen.com.br\/es\/wp-json\/wp\/v2\/types\/post"}],"author":[{"embeddable":true,"href":"https:\/\/argreen.com.br\/es\/wp-json\/wp\/v2\/users\/17"}],"replies":[{"embeddable":true,"href":"https:\/\/argreen.com.br\/es\/wp-json\/wp\/v2\/comments?post=4551"}],"version-history":[{"count":1,"href":"https:\/\/argreen.com.br\/es\/wp-json\/wp\/v2\/posts\/4551\/revisions"}],"predecessor-version":[{"id":4553,"href":"https:\/\/argreen.com.br\/es\/wp-json\/wp\/v2\/posts\/4551\/revisions\/4553"}],"wp:featuredmedia":[{"embeddable":true,"href":"https:\/\/argreen.com.br\/es\/wp-json\/wp\/v2\/media\/4552"}],"wp:attachment":[{"href":"https:\/\/argreen.com.br\/es\/wp-json\/wp\/v2\/media?parent=4551"}],"wp:term":[{"taxonomy":"category","embeddable":true,"href":"https:\/\/argreen.com.br\/es\/wp-json\/wp\/v2\/categories?post=4551"},{"taxonomy":"post_tag","embeddable":true,"href":"https:\/\/argreen.com.br\/es\/wp-json\/wp\/v2\/tags?post=4551"}],"curies":[{"name":"wp","href":"https:\/\/api.w.org\/{rel}","templated":true}]}}