{"id":4557,"date":"2026-03-12T10:53:44","date_gmt":"2026-03-12T13:53:44","guid":{"rendered":"https:\/\/argreen.com.br\/?p=4557"},"modified":"2026-03-12T12:00:29","modified_gmt":"2026-03-12T15:00:29","slug":"revolucao-no-hvac-comercial-em-2026-conforto-personalizado-sustentabilidade-e-refrigerantes-ecologicos-dominam-o-mercado","status":"publish","type":"post","link":"https:\/\/argreen.com.br\/es\/revolucao-no-hvac-comercial-em-2026-conforto-personalizado-sustentabilidade-e-refrigerantes-ecologicos-dominam-o-mercado\/","title":{"rendered":"Revoluci\u00f3n del HVAC Comercial en 2026: Confort Personalizado, Sostenibilidad y Refrigerantes Ecol\u00f3gicos Dominan el Mercado"},"content":{"rendered":"<p data-start=\"256\" data-end=\"860\">O <strong data-start=\"258\" data-end=\"302\">mercado de climatizaci\u00f3n comercial (HVAC)<\/strong> En Brasil y en el mundo, 2026 inicia un per\u00edodo de transformaci\u00f3n acelerada en el mercado de climatizaci\u00f3n comercial (HVAC), impulsado por una combinaci\u00f3n de factores: nuevas tecnolog\u00edas, regulaciones ambientales estrictas, mayor conciencia ambiental y una creciente demanda de confort t\u00e9rmico personalizado en entornos corporativos, comerciales e industriales. Fabricantes, integradores, gestores de edificios y empresas de servicios especializados est\u00e1n adaptando sus sistemas y procesos para cumplir con los requisitos de eficiencia energ\u00e9tica, sostenibilidad y mejora de la experiencia de los ocupantes.<\/p>\n<h3 data-section-id=\"l6h0lx\" data-start=\"862\" data-end=\"915\">Refrigerantes Ecol\u00f3gicos: La Transici\u00f3n Sostenible<\/h3>\n<p data-start=\"917\" data-end=\"1487\">Uno de los cambios m\u00e1s significativos en el sector es la sustituci\u00f3n de los refrigerantes tradicionales, como el R\u2011410A, por alternativas que tengan <strong data-start=\"1047\" data-end=\"1098\">bajo potencial de calentamiento global (Low\u2011GWP)<\/strong>, como R\u201132 y R\u2011454B. Estos gases reducen de manera significativa el impacto ambiental de los sistemas de climatizaci\u00f3n sin comprometer el rendimiento de los equipos, contribuyendo al cumplimiento de objetivos globales de sostenibilidad y regulaciones ambientales cada vez m\u00e1s estrictas, como pol\u00edticas de reducci\u00f3n de gases de efecto invernadero y normas internacionales de eficiencia energ\u00e9tica.<\/p>\n<p data-start=\"1489\" data-end=\"1978\">La adopci\u00f3n de refrigerantes ecol\u00f3gicos tambi\u00e9n implica <strong data-start=\"1541\" data-end=\"1583\">nuevos desaf\u00edos t\u00e9cnicos y operativos<\/strong>Los profesionales necesitan capacitaci\u00f3n avanzada, los equipos antiguos deben actualizarse o reemplazarse, y los procesos de instalaci\u00f3n y mantenimiento requieren mayor rigor y control. Esta transici\u00f3n crea oportunidades significativas para fabricantes, integradores y t\u00e9cnicos especializados, quienes pueden diferenciarse ofreciendo soluciones modernas, eficientes y ambientalmente responsables.<\/p>\n<h3 data-section-id=\"78hlri\" data-start=\"1980\" data-end=\"2047\">Confort Personalizado: Cada Ambiente con su Temperatura Ideal<\/h3>\n<p data-start=\"2049\" data-end=\"2439\">Otra tendencia destacada en 2026 es el <strong data-start=\"2086\" data-end=\"2122\">confort t\u00e9rmico individualizado<\/strong>. Los sistemas comerciales de climatizaci\u00f3n modernos ya permiten <strong data-start=\"2183\" data-end=\"2205\">control por zonas<\/strong>, permitiendo ajustes de temperatura espec\u00edficos para diferentes salas o sectores dentro de un mismo edificio. Este enfoque satisface las necesidades de los ocupantes y de diversas actividades, promoviendo ambientes m\u00e1s c\u00f3modos y productivos.<\/p>\n<p data-start=\"2441\" data-end=\"2940\">Entre las soluciones m\u00e1s utilizadas se encuentran los sistemas <strong data-start=\"2493\" data-end=\"2533\">VRF (Flujo de Refrigerante Variable)<\/strong>, VRF h\u00edbridos y sistemas inteligentes integrados, que permiten <strong data-start=\"2597\" data-end=\"2664\">mayor ahorro de energ\u00eda, operaci\u00f3n eficiente y control remoto<\/strong> a trav\u00e9s de la automatizaci\u00f3n de edificios. Estos sistemas son especialmente indicados para oficinas, centros comerciales, hospitales y universidades, proporcionando <strong data-start=\"2817\" data-end=\"2878\">experiencia personalizada y mayor satisfacci\u00f3n de los usuarios<\/strong>mientras que tambi\u00e9n cumplen con los requisitos de sostenibilidad.<\/p>\n<h3 data-section-id=\"s6jz0u\" data-start=\"2942\" data-end=\"2987\">Eficiencia Energ\u00e9tica y Automatizaci\u00f3n de Edificios<\/h3>\n<p data-start=\"2989\" data-end=\"3315\">La integraci\u00f3n de <strong data-start=\"3005\" data-end=\"3075\">inteligencia artificial, sensores inteligentes y automatizaci\u00f3n de edificios<\/strong> es otra tendencia que se consolida en 2026. Estos recursos permiten <strong data-start=\"3144\" data-end=\"3219\">monitoreo en tiempo real, mantenimiento predictivo y ajustes autom\u00e1ticos<\/strong>, reduciendo fallas, optimizando el consumo de energ\u00eda y aumentando la vida \u00fatil de los equipos.<\/p>\n<p data-start=\"3317\" data-end=\"3784\">Adem\u00e1s, <strong data-start=\"3329\" data-end=\"3418\">sistemas de gesti\u00f3n energ\u00e9tica y automatizaci\u00f3n de edificios (BAS \u2013 Building Automation Systems)<\/strong> ofrecen informes detallados sobre el desempe\u00f1o de los sistemas de climatizaci\u00f3n, permitiendo que los gestores de edificios tomen decisiones m\u00e1s estrat\u00e9gicas para reducir los costos operativos y garantizar el cumplimiento de las normas ambientales. La eficiencia energ\u00e9tica deja de ser solo un requisito regulatorio y pasa a ser una herramienta de gesti\u00f3n inteligente y sostenible.<\/p>\n<h3 data-section-id=\"dcr0r3\" data-start=\"3786\" data-end=\"3824\">Impacto en el Mercado y Oportunidades<\/h3>\n<p data-start=\"3826\" data-end=\"4303\">Las tendencias emergentes de 2026 no solo cumplen con las normas ambientales y regulaciones t\u00e9cnicas, sino que tambi\u00e9n representan <strong data-start=\"3950\" data-end=\"3998\">Ingl\u00eas:\nopportunities for growth and differentiation\n\nEspanhol:\noportunidades de crecimiento y diferenciaci\u00f3n<\/strong> para las empresas que operan en el sector HVAC. Los fabricantes e integradores que invierten en soluciones verdes, tecnolog\u00eda de vanguardia y personalizaci\u00f3n est\u00e1n ganando ventaja competitiva, mientras que los gestores de edificios pueden aumentar la eficiencia, reducir costos y ofrecer un ambiente de mayor calidad a los ocupantes.<\/p>\n<p data-start=\"4305\" data-end=\"4747\">Los especialistas se\u00f1alan que la combinaci\u00f3n de <strong data-start=\"4347\" data-end=\"4414\">sostenibilidad, innovaci\u00f3n tecnol\u00f3gica y confort personalizado<\/strong> ser\u00e1 el gran diferenciador del mercado comercial en los pr\u00f3ximos a\u00f1os. La climatizaci\u00f3n deja de ser solo una cuesti\u00f3n de confort y pasa a ser <strong data-start=\"4554\" data-end=\"4649\">una estrategia de productividad, salud, eficiencia energ\u00e9tica y competitividad empresarial<\/strong>, consolid\u00e1ndose como un sector estrat\u00e9gico para empresas, profesionales y el mercado en general.<\/p>\n<p data-start=\"4749\" data-end=\"5057\">Se espera que el a\u00f1o 2026 consolide el <strong data-start=\"4781\" data-end=\"4836\">HVAC comercial como un segmento din\u00e1mico e innovador<\/strong>, con una creciente valorizaci\u00f3n de soluciones que combinan tecnolog\u00eda, sostenibilidad y experiencia del usuario, transformando la manera en que los entornos comerciales, corporativos e industriales se climatizan en Brasil y en el mundo.<\/p>","protected":false},"excerpt":{"rendered":"<p>O mercado de climatiza\u00e7\u00e3o comercial (HVAC) no Brasil e no mundo entra em 2026 em um per\u00edodo de transforma\u00e7\u00e3o acelerada,<\/p>","protected":false},"author":17,"featured_media":4558,"comment_status":"closed","ping_status":"closed","sticky":false,"template":"","format":"standard","meta":{"footnotes":""},"categories":[1],"tags":[],"class_list":["post-4557","post","type-post","status-publish","format-standard","has-post-thumbnail","hentry","category-noticias"],"yoast_head":"<!-- This site is optimized with the Yoast SEO plugin v27.3 - https:\/\/yoast.com\/product\/yoast-seo-wordpress\/ -->\n<title>Revolu\u00e7\u00e3o no HVAC comercial em 2026: conforto personalizado, sustentabilidade e refrigerantes ecol\u00f3gicos dominam o mercado - Argreen<\/title>\n<meta name=\"robots\" content=\"index, follow, max-snippet:-1, max-image-preview:large, max-video-preview:-1\" \/>\n<link rel=\"canonical\" href=\"https:\/\/argreen.com.br\/es\/revolucao-no-hvac-comercial-em-2026-conforto-personalizado-sustentabilidade-e-refrigerantes-ecologicos-dominam-o-mercado\/\" \/>\n<meta property=\"og:locale\" content=\"es_ES\" \/>\n<meta property=\"og:type\" content=\"article\" \/>\n<meta property=\"og:title\" content=\"Revolu\u00e7\u00e3o no HVAC comercial em 2026: conforto personalizado, sustentabilidade e refrigerantes ecol\u00f3gicos dominam o mercado - Argreen\" \/>\n<meta property=\"og:description\" content=\"O mercado de climatiza\u00e7\u00e3o comercial (HVAC) no Brasil e no mundo entra em 2026 em um per\u00edodo de transforma\u00e7\u00e3o acelerada,\" \/>\n<meta property=\"og:url\" content=\"https:\/\/argreen.com.br\/es\/revolucao-no-hvac-comercial-em-2026-conforto-personalizado-sustentabilidade-e-refrigerantes-ecologicos-dominam-o-mercado\/\" \/>\n<meta property=\"og:site_name\" content=\"Argreen\" \/>\n<meta property=\"article:published_time\" content=\"2026-03-12T13:53:44+00:00\" \/>\n<meta property=\"article:modified_time\" content=\"2026-03-12T15:00:29+00:00\" \/>\n<meta property=\"og:image\" content=\"https:\/\/argreen.com.br\/wp-content\/uploads\/2026\/03\/Design-sem-nome-29-1024x576.png\" \/>\n\t<meta property=\"og:image:width\" content=\"1024\" \/>\n\t<meta property=\"og:image:height\" content=\"576\" \/>\n\t<meta property=\"og:image:type\" content=\"image\/png\" \/>\n<meta name=\"author\" content=\"eduardopiceda\" \/>\n<script type=\"application\/ld+json\" class=\"yoast-schema-graph\">{\"@context\":\"https:\\\/\\\/schema.org\",\"@graph\":[{\"@type\":\"Article\",\"@id\":\"https:\\\/\\\/argreen.com.br\\\/revolucao-no-hvac-comercial-em-2026-conforto-personalizado-sustentabilidade-e-refrigerantes-ecologicos-dominam-o-mercado\\\/#article\",\"isPartOf\":{\"@id\":\"https:\\\/\\\/argreen.com.br\\\/revolucao-no-hvac-comercial-em-2026-conforto-personalizado-sustentabilidade-e-refrigerantes-ecologicos-dominam-o-mercado\\\/\"},\"author\":{\"name\":\"eduardopiceda\",\"@id\":\"https:\\\/\\\/argreen.com.br\\\/#\\\/schema\\\/person\\\/b215043d3010081e81788c49b70b5016\"},\"headline\":\"Revolu\u00e7\u00e3o no HVAC comercial em 2026: conforto personalizado, sustentabilidade e refrigerantes ecol\u00f3gicos dominam o mercado\",\"datePublished\":\"2026-03-12T13:53:44+00:00\",\"dateModified\":\"2026-03-12T15:00:29+00:00\",\"mainEntityOfPage\":{\"@id\":\"https:\\\/\\\/argreen.com.br\\\/revolucao-no-hvac-comercial-em-2026-conforto-personalizado-sustentabilidade-e-refrigerantes-ecologicos-dominam-o-mercado\\\/\"},\"wordCount\":752,\"publisher\":{\"@id\":\"https:\\\/\\\/argreen.com.br\\\/#organization\"},\"image\":{\"@id\":\"https:\\\/\\\/argreen.com.br\\\/revolucao-no-hvac-comercial-em-2026-conforto-personalizado-sustentabilidade-e-refrigerantes-ecologicos-dominam-o-mercado\\\/#primaryimage\"},\"thumbnailUrl\":\"https:\\\/\\\/argreen.com.br\\\/wp-content\\\/uploads\\\/2026\\\/03\\\/Design-sem-nome-29.png\",\"articleSection\":[\"Not\u00edcias\"],\"inLanguage\":\"es\"},{\"@type\":\"WebPage\",\"@id\":\"https:\\\/\\\/argreen.com.br\\\/revolucao-no-hvac-comercial-em-2026-conforto-personalizado-sustentabilidade-e-refrigerantes-ecologicos-dominam-o-mercado\\\/\",\"url\":\"https:\\\/\\\/argreen.com.br\\\/revolucao-no-hvac-comercial-em-2026-conforto-personalizado-sustentabilidade-e-refrigerantes-ecologicos-dominam-o-mercado\\\/\",\"name\":\"Revolu\u00e7\u00e3o no HVAC comercial em 2026: conforto personalizado, sustentabilidade e refrigerantes ecol\u00f3gicos dominam o mercado - Argreen\",\"isPartOf\":{\"@id\":\"https:\\\/\\\/argreen.com.br\\\/#website\"},\"primaryImageOfPage\":{\"@id\":\"https:\\\/\\\/argreen.com.br\\\/revolucao-no-hvac-comercial-em-2026-conforto-personalizado-sustentabilidade-e-refrigerantes-ecologicos-dominam-o-mercado\\\/#primaryimage\"},\"image\":{\"@id\":\"https:\\\/\\\/argreen.com.br\\\/revolucao-no-hvac-comercial-em-2026-conforto-personalizado-sustentabilidade-e-refrigerantes-ecologicos-dominam-o-mercado\\\/#primaryimage\"},\"thumbnailUrl\":\"https:\\\/\\\/argreen.com.br\\\/wp-content\\\/uploads\\\/2026\\\/03\\\/Design-sem-nome-29.png\",\"datePublished\":\"2026-03-12T13:53:44+00:00\",\"dateModified\":\"2026-03-12T15:00:29+00:00\",\"breadcrumb\":{\"@id\":\"https:\\\/\\\/argreen.com.br\\\/revolucao-no-hvac-comercial-em-2026-conforto-personalizado-sustentabilidade-e-refrigerantes-ecologicos-dominam-o-mercado\\\/#breadcrumb\"},\"inLanguage\":\"es\",\"potentialAction\":[{\"@type\":\"ReadAction\",\"target\":[\"https:\\\/\\\/argreen.com.br\\\/revolucao-no-hvac-comercial-em-2026-conforto-personalizado-sustentabilidade-e-refrigerantes-ecologicos-dominam-o-mercado\\\/\"]}]},{\"@type\":\"ImageObject\",\"inLanguage\":\"es\",\"@id\":\"https:\\\/\\\/argreen.com.br\\\/revolucao-no-hvac-comercial-em-2026-conforto-personalizado-sustentabilidade-e-refrigerantes-ecologicos-dominam-o-mercado\\\/#primaryimage\",\"url\":\"https:\\\/\\\/argreen.com.br\\\/wp-content\\\/uploads\\\/2026\\\/03\\\/Design-sem-nome-29.png\",\"contentUrl\":\"https:\\\/\\\/argreen.com.br\\\/wp-content\\\/uploads\\\/2026\\\/03\\\/Design-sem-nome-29.png\",\"width\":1920,\"height\":1080},{\"@type\":\"BreadcrumbList\",\"@id\":\"https:\\\/\\\/argreen.com.br\\\/revolucao-no-hvac-comercial-em-2026-conforto-personalizado-sustentabilidade-e-refrigerantes-ecologicos-dominam-o-mercado\\\/#breadcrumb\",\"itemListElement\":[{\"@type\":\"ListItem\",\"position\":1,\"name\":\"In\u00edcio\",\"item\":\"https:\\\/\\\/argreen.com.br\\\/\"},{\"@type\":\"ListItem\",\"position\":2,\"name\":\"Revolu\u00e7\u00e3o no HVAC comercial em 2026: conforto personalizado, sustentabilidade e refrigerantes ecol\u00f3gicos dominam o mercado\"}]},{\"@type\":\"WebSite\",\"@id\":\"https:\\\/\\\/argreen.com.br\\\/#website\",\"url\":\"https:\\\/\\\/argreen.com.br\\\/\",\"name\":\"Argreen\",\"description\":\"Climatiza\u00e7\u00e3o &amp; Engenharia\",\"publisher\":{\"@id\":\"https:\\\/\\\/argreen.com.br\\\/#organization\"},\"potentialAction\":[{\"@type\":\"SearchAction\",\"target\":{\"@type\":\"EntryPoint\",\"urlTemplate\":\"https:\\\/\\\/argreen.com.br\\\/?s={search_term_string}\"},\"query-input\":{\"@type\":\"PropertyValueSpecification\",\"valueRequired\":true,\"valueName\":\"search_term_string\"}}],\"inLanguage\":\"es\"},{\"@type\":\"Organization\",\"@id\":\"https:\\\/\\\/argreen.com.br\\\/#organization\",\"name\":\"Argreen\",\"url\":\"https:\\\/\\\/argreen.com.br\\\/\",\"logo\":{\"@type\":\"ImageObject\",\"inLanguage\":\"es\",\"@id\":\"https:\\\/\\\/argreen.com.br\\\/#\\\/schema\\\/logo\\\/image\\\/\",\"url\":\"https:\\\/\\\/argreen.com.br\\\/wp-content\\\/uploads\\\/2023\\\/06\\\/Logo-Argeen.png\",\"contentUrl\":\"https:\\\/\\\/argreen.com.br\\\/wp-content\\\/uploads\\\/2023\\\/06\\\/Logo-Argeen.png\",\"width\":2248,\"height\":767,\"caption\":\"Argreen\"},\"image\":{\"@id\":\"https:\\\/\\\/argreen.com.br\\\/#\\\/schema\\\/logo\\\/image\\\/\"}},{\"@type\":\"Person\",\"@id\":\"https:\\\/\\\/argreen.com.br\\\/#\\\/schema\\\/person\\\/b215043d3010081e81788c49b70b5016\",\"name\":\"eduardopiceda\",\"image\":{\"@type\":\"ImageObject\",\"inLanguage\":\"es\",\"@id\":\"https:\\\/\\\/secure.gravatar.com\\\/avatar\\\/87ee2816eda2592631f93a517cc7daeeaed2111232a11a88b74fea0f5768551c?s=96&d=blank&r=g\",\"url\":\"https:\\\/\\\/secure.gravatar.com\\\/avatar\\\/87ee2816eda2592631f93a517cc7daeeaed2111232a11a88b74fea0f5768551c?s=96&d=blank&r=g\",\"contentUrl\":\"https:\\\/\\\/secure.gravatar.com\\\/avatar\\\/87ee2816eda2592631f93a517cc7daeeaed2111232a11a88b74fea0f5768551c?s=96&d=blank&r=g\",\"caption\":\"eduardopiceda\"},\"url\":\"https:\\\/\\\/argreen.com.br\\\/es\\\/author\\\/eduardopiceda\\\/\"}]}<\/script>\n<!-- \/ Yoast SEO plugin. -->","yoast_head_json":{"title":"Revolu\u00e7\u00e3o no HVAC comercial em 2026: conforto personalizado, sustentabilidade e refrigerantes ecol\u00f3gicos dominam o mercado - Argreen","robots":{"index":"index","follow":"follow","max-snippet":"max-snippet:-1","max-image-preview":"max-image-preview:large","max-video-preview":"max-video-preview:-1"},"canonical":"https:\/\/argreen.com.br\/es\/revolucao-no-hvac-comercial-em-2026-conforto-personalizado-sustentabilidade-e-refrigerantes-ecologicos-dominam-o-mercado\/","og_locale":"es_ES","og_type":"article","og_title":"Revolu\u00e7\u00e3o no HVAC comercial em 2026: conforto personalizado, sustentabilidade e refrigerantes ecol\u00f3gicos dominam o mercado - Argreen","og_description":"O mercado de climatiza\u00e7\u00e3o comercial (HVAC) no Brasil e no mundo entra em 2026 em um per\u00edodo de transforma\u00e7\u00e3o acelerada,","og_url":"https:\/\/argreen.com.br\/es\/revolucao-no-hvac-comercial-em-2026-conforto-personalizado-sustentabilidade-e-refrigerantes-ecologicos-dominam-o-mercado\/","og_site_name":"Argreen","article_published_time":"2026-03-12T13:53:44+00:00","article_modified_time":"2026-03-12T15:00:29+00:00","og_image":[{"width":1024,"height":576,"url":"https:\/\/argreen.com.br\/wp-content\/uploads\/2026\/03\/Design-sem-nome-29-1024x576.png","type":"image\/png"}],"author":"eduardopiceda","schema":{"@context":"https:\/\/schema.org","@graph":[{"@type":"Article","@id":"https:\/\/argreen.com.br\/revolucao-no-hvac-comercial-em-2026-conforto-personalizado-sustentabilidade-e-refrigerantes-ecologicos-dominam-o-mercado\/#article","isPartOf":{"@id":"https:\/\/argreen.com.br\/revolucao-no-hvac-comercial-em-2026-conforto-personalizado-sustentabilidade-e-refrigerantes-ecologicos-dominam-o-mercado\/"},"author":{"name":"eduardopiceda","@id":"https:\/\/argreen.com.br\/#\/schema\/person\/b215043d3010081e81788c49b70b5016"},"headline":"Revolu\u00e7\u00e3o no HVAC comercial em 2026: conforto personalizado, sustentabilidade e refrigerantes ecol\u00f3gicos dominam o mercado","datePublished":"2026-03-12T13:53:44+00:00","dateModified":"2026-03-12T15:00:29+00:00","mainEntityOfPage":{"@id":"https:\/\/argreen.com.br\/revolucao-no-hvac-comercial-em-2026-conforto-personalizado-sustentabilidade-e-refrigerantes-ecologicos-dominam-o-mercado\/"},"wordCount":752,"publisher":{"@id":"https:\/\/argreen.com.br\/#organization"},"image":{"@id":"https:\/\/argreen.com.br\/revolucao-no-hvac-comercial-em-2026-conforto-personalizado-sustentabilidade-e-refrigerantes-ecologicos-dominam-o-mercado\/#primaryimage"},"thumbnailUrl":"https:\/\/argreen.com.br\/wp-content\/uploads\/2026\/03\/Design-sem-nome-29.png","articleSection":["Not\u00edcias"],"inLanguage":"es"},{"@type":"WebPage","@id":"https:\/\/argreen.com.br\/revolucao-no-hvac-comercial-em-2026-conforto-personalizado-sustentabilidade-e-refrigerantes-ecologicos-dominam-o-mercado\/","url":"https:\/\/argreen.com.br\/revolucao-no-hvac-comercial-em-2026-conforto-personalizado-sustentabilidade-e-refrigerantes-ecologicos-dominam-o-mercado\/","name":"Revolu\u00e7\u00e3o no HVAC comercial em 2026: conforto personalizado, sustentabilidade e refrigerantes ecol\u00f3gicos dominam o mercado - Argreen","isPartOf":{"@id":"https:\/\/argreen.com.br\/#website"},"primaryImageOfPage":{"@id":"https:\/\/argreen.com.br\/revolucao-no-hvac-comercial-em-2026-conforto-personalizado-sustentabilidade-e-refrigerantes-ecologicos-dominam-o-mercado\/#primaryimage"},"image":{"@id":"https:\/\/argreen.com.br\/revolucao-no-hvac-comercial-em-2026-conforto-personalizado-sustentabilidade-e-refrigerantes-ecologicos-dominam-o-mercado\/#primaryimage"},"thumbnailUrl":"https:\/\/argreen.com.br\/wp-content\/uploads\/2026\/03\/Design-sem-nome-29.png","datePublished":"2026-03-12T13:53:44+00:00","dateModified":"2026-03-12T15:00:29+00:00","breadcrumb":{"@id":"https:\/\/argreen.com.br\/revolucao-no-hvac-comercial-em-2026-conforto-personalizado-sustentabilidade-e-refrigerantes-ecologicos-dominam-o-mercado\/#breadcrumb"},"inLanguage":"es","potentialAction":[{"@type":"ReadAction","target":["https:\/\/argreen.com.br\/revolucao-no-hvac-comercial-em-2026-conforto-personalizado-sustentabilidade-e-refrigerantes-ecologicos-dominam-o-mercado\/"]}]},{"@type":"ImageObject","inLanguage":"es","@id":"https:\/\/argreen.com.br\/revolucao-no-hvac-comercial-em-2026-conforto-personalizado-sustentabilidade-e-refrigerantes-ecologicos-dominam-o-mercado\/#primaryimage","url":"https:\/\/argreen.com.br\/wp-content\/uploads\/2026\/03\/Design-sem-nome-29.png","contentUrl":"https:\/\/argreen.com.br\/wp-content\/uploads\/2026\/03\/Design-sem-nome-29.png","width":1920,"height":1080},{"@type":"BreadcrumbList","@id":"https:\/\/argreen.com.br\/revolucao-no-hvac-comercial-em-2026-conforto-personalizado-sustentabilidade-e-refrigerantes-ecologicos-dominam-o-mercado\/#breadcrumb","itemListElement":[{"@type":"ListItem","position":1,"name":"In\u00edcio","item":"https:\/\/argreen.com.br\/"},{"@type":"ListItem","position":2,"name":"Revolu\u00e7\u00e3o no HVAC comercial em 2026: conforto personalizado, sustentabilidade e refrigerantes ecol\u00f3gicos dominam o mercado"}]},{"@type":"WebSite","@id":"https:\/\/argreen.com.br\/#website","url":"https:\/\/argreen.com.br\/","name":"Argreen","description":"Climatiza\u00e7\u00e3o &amp; Engenharia","publisher":{"@id":"https:\/\/argreen.com.br\/#organization"},"potentialAction":[{"@type":"SearchAction","target":{"@type":"EntryPoint","urlTemplate":"https:\/\/argreen.com.br\/?s={search_term_string}"},"query-input":{"@type":"PropertyValueSpecification","valueRequired":true,"valueName":"search_term_string"}}],"inLanguage":"es"},{"@type":"Organization","@id":"https:\/\/argreen.com.br\/#organization","name":"Argreen","url":"https:\/\/argreen.com.br\/","logo":{"@type":"ImageObject","inLanguage":"es","@id":"https:\/\/argreen.com.br\/#\/schema\/logo\/image\/","url":"https:\/\/argreen.com.br\/wp-content\/uploads\/2023\/06\/Logo-Argeen.png","contentUrl":"https:\/\/argreen.com.br\/wp-content\/uploads\/2023\/06\/Logo-Argeen.png","width":2248,"height":767,"caption":"Argreen"},"image":{"@id":"https:\/\/argreen.com.br\/#\/schema\/logo\/image\/"}},{"@type":"Person","@id":"https:\/\/argreen.com.br\/#\/schema\/person\/b215043d3010081e81788c49b70b5016","name":"eduardopiceda","image":{"@type":"ImageObject","inLanguage":"es","@id":"https:\/\/secure.gravatar.com\/avatar\/87ee2816eda2592631f93a517cc7daeeaed2111232a11a88b74fea0f5768551c?s=96&d=blank&r=g","url":"https:\/\/secure.gravatar.com\/avatar\/87ee2816eda2592631f93a517cc7daeeaed2111232a11a88b74fea0f5768551c?s=96&d=blank&r=g","contentUrl":"https:\/\/secure.gravatar.com\/avatar\/87ee2816eda2592631f93a517cc7daeeaed2111232a11a88b74fea0f5768551c?s=96&d=blank&r=g","caption":"eduardopiceda"},"url":"https:\/\/argreen.com.br\/es\/author\/eduardopiceda\/"}]}},"_links":{"self":[{"href":"https:\/\/argreen.com.br\/es\/wp-json\/wp\/v2\/posts\/4557","targetHints":{"allow":["GET"]}}],"collection":[{"href":"https:\/\/argreen.com.br\/es\/wp-json\/wp\/v2\/posts"}],"about":[{"href":"https:\/\/argreen.com.br\/es\/wp-json\/wp\/v2\/types\/post"}],"author":[{"embeddable":true,"href":"https:\/\/argreen.com.br\/es\/wp-json\/wp\/v2\/users\/17"}],"replies":[{"embeddable":true,"href":"https:\/\/argreen.com.br\/es\/wp-json\/wp\/v2\/comments?post=4557"}],"version-history":[{"count":1,"href":"https:\/\/argreen.com.br\/es\/wp-json\/wp\/v2\/posts\/4557\/revisions"}],"predecessor-version":[{"id":4559,"href":"https:\/\/argreen.com.br\/es\/wp-json\/wp\/v2\/posts\/4557\/revisions\/4559"}],"wp:featuredmedia":[{"embeddable":true,"href":"https:\/\/argreen.com.br\/es\/wp-json\/wp\/v2\/media\/4558"}],"wp:attachment":[{"href":"https:\/\/argreen.com.br\/es\/wp-json\/wp\/v2\/media?parent=4557"}],"wp:term":[{"taxonomy":"category","embeddable":true,"href":"https:\/\/argreen.com.br\/es\/wp-json\/wp\/v2\/categories?post=4557"},{"taxonomy":"post_tag","embeddable":true,"href":"https:\/\/argreen.com.br\/es\/wp-json\/wp\/v2\/tags?post=4557"}],"curies":[{"name":"wp","href":"https:\/\/api.w.org\/{rel}","templated":true}]}}